{"id":4734,"date":"2026-03-26T12:09:12","date_gmt":"2026-03-26T11:09:12","guid":{"rendered":"https:\/\/vskultur.de\/?p=4734"},"modified":"2026-03-26T12:09:14","modified_gmt":"2026-03-26T11:09:14","slug":"workshop-e-rechnung-fuer-gruenderinnen","status":"publish","type":"post","link":"https:\/\/vskultur.de\/en\/workshop-e-rechnung-fuer-gruenderinnen\/","title":{"rendered":"Workshop \u201eE-Rechnung f\u00fcr Gr\u00fcnder*innen\""},"content":{"rendered":"<p>Am 25. M\u00e4rz 2026 fand im neuen VSK CoLab von Visionskultur in der Bremer Innenstadt ein praxisorientierter Workshop rund um das Thema E-Rechnung statt. In den neuen R\u00e4umlichkeiten des CoLabs, das als Teil des Creative Hubs einen offenen Raum f\u00fcr Austausch, Zusammenarbeit und Innovation bietet, kamen Gr\u00fcnder*innen zusammen, um sich mit aktuellen Anforderungen und Entwicklungen im Rechnungswesen auseinanderzusetzen. Ein Thema, das viele Selbstst\u00e4ndige, Gr\u00fcnder*innen und Kleinunternehmer*innen verunsichert wurde im Workshop von Roswitha Galetzkie durchleuchtet und greifbar gemacht. <\/p>\n\n\n\n<h3 class=\"wp-block-heading\">E-Rechnung im Fokus: Gesetzliche Anforderungen verstehen<\/h3>\n\n\n\n<p>Im Workshop wurde zun\u00e4chst die wachsende Bedeutung der E-Rechnung aus gesetzlicher Perspektive beleuchtet. Die Teilnehmenden erhielten einen \u00dcberblick dar\u00fcber, warum elektronische Rechnungen zunehmend verpflichtend werden und welche Anforderungen damit einhergehen. Besonders wichtig war dabei die klare Abgrenzung zur klassischen digitalen Rechnung, die zwar elektronisch versendet wird, jedoch nicht automatisch den strukturierten Anforderungen einer E-Rechnung entspricht.<\/p>\n\n\n\n<p>Durch praxisnahe Beispiele wurde deutlich, welche Vorteile die Umstellung auf E-Rechnungen mit sich bringt \u2013 von effizienteren Prozessen bis hin zu einer verbesserten Nachvollziehbarkeit in der Buchhaltung.<\/p>\n\n\n\n<figure class=\"wp-block-gallery has-nested-images columns-default is-cropped wp-block-gallery-1 is-layout-flex wp-block-gallery-is-layout-flex\">\n<figure class=\"wp-block-image size-large\"><img loading=\"lazy\" decoding=\"async\" width=\"1024\" height=\"582\" data-id=\"4735\" src=\"https:\/\/vskultur.de\/wp-content\/uploads\/2026\/03\/20260325_172757-1024x582.jpg\" alt=\"\" class=\"wp-image-4735\" srcset=\"https:\/\/vskultur.de\/wp-content\/uploads\/2026\/03\/20260325_172757-1024x582.jpg 1024w, https:\/\/vskultur.de\/wp-content\/uploads\/2026\/03\/20260325_172757-300x171.jpg 300w, https:\/\/vskultur.de\/wp-content\/uploads\/2026\/03\/20260325_172757-768x437.jpg 768w, https:\/\/vskultur.de\/wp-content\/uploads\/2026\/03\/20260325_172757-1536x873.jpg 1536w, https:\/\/vskultur.de\/wp-content\/uploads\/2026\/03\/20260325_172757-2048x1165.jpg 2048w, https:\/\/vskultur.de\/wp-content\/uploads\/2026\/03\/20260325_172757-18x10.jpg 18w, https:\/\/vskultur.de\/wp-content\/uploads\/2026\/03\/20260325_172757-scaled.jpg 2560w\" sizes=\"auto, (max-width: 1024px) 100vw, 1024px\" \/><\/figure>\n\n\n\n<figure class=\"wp-block-image size-large\"><img loading=\"lazy\" decoding=\"async\" width=\"1024\" height=\"768\" data-id=\"4736\" src=\"https:\/\/vskultur.de\/wp-content\/uploads\/2026\/03\/20260325_172021-1024x768.jpg\" alt=\"\" class=\"wp-image-4736\" srcset=\"https:\/\/vskultur.de\/wp-content\/uploads\/2026\/03\/20260325_172021-1024x768.jpg 1024w, https:\/\/vskultur.de\/wp-content\/uploads\/2026\/03\/20260325_172021-300x225.jpg 300w, https:\/\/vskultur.de\/wp-content\/uploads\/2026\/03\/20260325_172021-768x576.jpg 768w, https:\/\/vskultur.de\/wp-content\/uploads\/2026\/03\/20260325_172021-1536x1152.jpg 1536w, https:\/\/vskultur.de\/wp-content\/uploads\/2026\/03\/20260325_172021-2048x1536.jpg 2048w, https:\/\/vskultur.de\/wp-content\/uploads\/2026\/03\/20260325_172021-16x12.jpg 16w, https:\/\/vskultur.de\/wp-content\/uploads\/2026\/03\/20260325_172021-scaled.jpg 2560w\" sizes=\"auto, (max-width: 1024px) 100vw, 1024px\" \/><\/figure>\n<\/figure>\n\n\n\n<h3 class=\"wp-block-heading\">Von der Theorie zur Praxis: Erstellung und Inhalte einer E-Rechnung<\/h3>\n\n\n\n<p>Ein weiterer Schwerpunkt lag auf der konkreten Umsetzung: Wie wird eine E-Rechnung erstellt und welche Bestandteile sind zwingend erforderlich? Schritt f\u00fcr Schritt wurde erl\u00e4utert, welche Informationen enthalten sein m\u00fcssen und welche Formate den gesetzlichen Vorgaben entsprechen.<\/p>\n\n\n\n<p>Die Teilnehmenden konnten dabei nicht nur theoretisches Wissen mitnehmen, sondern auch konkrete Ans\u00e4tze f\u00fcr die eigene Praxis entwickeln. Der Workshop kn\u00fcpfte damit an das Ziel von Visionskultur an, Gr\u00fcnder*innen und Projekte durch praxisnahe Formate in ihrer Entwicklung zu unterst\u00fctzen und ihnen hilfreiche Tools an die Hand zu geben. <\/p>\n\n\n\n<h3 class=\"wp-block-heading\">Austausch, Vernetzung und gemeinsames Lernen<\/h3>\n\n\n\n<p>Neben den fachlichen Inhalten stand vor allem der pers\u00f6nliche Austausch im Mittelpunkt. In offener Atmosph\u00e4re nutzten die Teilnehmenden die Gelegenheit, sich untereinander zu vernetzen, Erfahrungen zu teilen und individuelle Fragen rund um Steuern, Rechnungsstellung und Buchhaltung zu diskutieren.<\/p>\n\n\n\n<p>Gerade dieser Community-Gedanke ist ein zentraler Bestandteil von Visionskultur: \u00dcber 350 Mitglieder sind bereits Teil des Netzwerks und profitieren vom gegenseitigen Austausch sowie den vielf\u00e4ltigen Angeboten an Workshops und Events. <\/p>\n\n\n\n<p>Der Workshop im VSK CoLab hat einmal mehr gezeigt, wie wichtig niedrigschwellige, praxisnahe Bildungsangebote f\u00fcr Gr\u00fcnder*innen und Selbstst\u00e4ndige sind. Die Kombination aus fachlichem Input, konkreten Handlungsempfehlungen und pers\u00f6nlichem Austausch machte die Veranstaltung zu einem wertvollen Impuls f\u00fcr alle Teilnehmenden.<\/p>\n\n\n\n<p>Mit Formaten wie diesem schafft Visionskultur nicht nur Wissenstransfer, sondern st\u00e4rkt aktiv die Bremer Gr\u00fcndungs- und Kreativszene. Mit dem neuen CoLab steht daf\u00fcr Ort bereit, an dem Ideen wachsen, Kontakte entstehen und Zukunft gestaltet wird.<\/p>\n\n\n\n<p>Spannende Workshops gibt es bei uns regelm\u00e4\u00dfig. Schau mal hier: <a href=\"https:\/\/vskultur.de\/en\/event_kategorien\/workshops-events\/\">https:\/\/vskultur.de\/event_kategorien\/workshops-events\/<\/a><\/p>","protected":false},"excerpt":{"rendered":"<p>Am 25. M\u00e4rz 2026 fand im neuen VSK CoLab von Visionskultur in der Bremer Innenstadt ein praxisorientierter Workshop rund um das Thema E-Rechnung statt. In den neuen R\u00e4umlichkeiten des CoLabs, das als Teil des Creative Hubs einen offenen Raum f\u00fcr Austausch, Zusammenarbeit und Innovation bietet, kamen Gr\u00fcnder*innen zusammen, um sich mit aktuellen Anforderungen und Entwicklungen [&hellip;]<\/p>","protected":false},"author":3,"featured_media":4735,"comment_status":"closed","ping_status":"closed","sticky":false,"template":"","format":"standard","meta":{"_acf_changed":false,"inline_featured_image":false,"footnotes":""},"categories":[41],"tags":[],"class_list":["post-4734","post","type-post","status-publish","format-standard","has-post-thumbnail","hentry","category-community-stories"],"acf":[],"_links":{"self":[{"href":"https:\/\/vskultur.de\/en\/wp-json\/wp\/v2\/posts\/4734","targetHints":{"allow":["GET"]}}],"collection":[{"href":"https:\/\/vskultur.de\/en\/wp-json\/wp\/v2\/posts"}],"about":[{"href":"https:\/\/vskultur.de\/en\/wp-json\/wp\/v2\/types\/post"}],"author":[{"embeddable":true,"href":"https:\/\/vskultur.de\/en\/wp-json\/wp\/v2\/users\/3"}],"replies":[{"embeddable":true,"href":"https:\/\/vskultur.de\/en\/wp-json\/wp\/v2\/comments?post=4734"}],"version-history":[{"count":0,"href":"https:\/\/vskultur.de\/en\/wp-json\/wp\/v2\/posts\/4734\/revisions"}],"wp:featuredmedia":[{"embeddable":true,"href":"https:\/\/vskultur.de\/en\/wp-json\/wp\/v2\/media\/4735"}],"wp:attachment":[{"href":"https:\/\/vskultur.de\/en\/wp-json\/wp\/v2\/media?parent=4734"}],"wp:term":[{"taxonomy":"category","embeddable":true,"href":"https:\/\/vskultur.de\/en\/wp-json\/wp\/v2\/categories?post=4734"},{"taxonomy":"post_tag","embeddable":true,"href":"https:\/\/vskultur.de\/en\/wp-json\/wp\/v2\/tags?post=4734"}],"curies":[{"name":"wp","href":"https:\/\/api.w.org\/{rel}","templated":true}]}}