{"id":4640,"date":"2026-02-19T20:38:16","date_gmt":"2026-02-19T19:38:16","guid":{"rendered":"https:\/\/vskultur.de\/?p=4640"},"modified":"2026-02-19T20:38:17","modified_gmt":"2026-02-19T19:38:17","slug":"zielgruppe-marke-sichtbarkeit-workshop-1-zielgruppe","status":"publish","type":"post","link":"https:\/\/vskultur.de\/en\/zielgruppe-marke-sichtbarkeit-workshop-1-zielgruppe\/","title":{"rendered":"Zielgruppe.Marke.Sichtbarkeit: Workshop 1 \u2013 Zielgruppe"},"content":{"rendered":"<p>Am Montag, den 16.02. 2026 war es endlich soweit: Der erste Workshop unserer beliebten Workshop-Reihe \u201eZielgruppe.Marke.Sichtbarkeit\u201c stand auf dem Programm \u2013 diesmal mit dem Fokus auf Zielgruppe definieren. Im neuen CoLab in der Pelzerstra\u00dfe trafen sich Unternehmer*innen, Gr\u00fcnder*innen und kreative K\u00f6pfe, um gemeinsam an einem Thema zu arbeiten, das oft untersch\u00e4tzt wird, aber enorm wichtig ist:<\/p>\n\n\n\n<p>\u201cWer sind meine Kund*innen wirklich?\u201d<\/p>\n\n\n\n<p><strong>Mehr als nur demografische Daten<\/strong><strong><\/strong><\/p>\n\n\n\n<p>Viele starten mit simplen Merkmalen wie Alter, Wohnort oder Geschlecht. Klar, das ist ein Anfang \u2013 aber reicht das wirklich, um ein Angebot gezielt zu positionieren? Unsere Antwort: Nein.<\/p>\n\n\n\n<p>Der Workshop machte deutlich: Wer wirklich verstanden werden will, muss tiefer gehen. Wir haben Methoden wie die Empathy Map und die Erstellung von Personas eingesetzt, um uns in die Perspektive der Kund*innen hineinzuversetzen. Hypothesen wurden gebildet, getestet und angepasst \u2013 so entsteht ein echtes Verst\u00e4ndnis statt blo\u00dfer Annahmen.<\/p>\n\n\n\n<p>\u201eIch dachte, ich kenne meine Zielgruppe \u2013 jetzt sehe ich, wie viel ich noch lernen kann!\u201c \u2013 Teilnehmer*innen-Feedback<\/p>\n\n\n\n<p><strong>So lief der Workshop ab<\/strong><strong><\/strong><\/p>\n\n\n\n<p>Der Tag begann mit einer lockeren Vorstellungsrunde: Jede*r Teilnehmer*in hatte 30 Sekunden, um sich kurz zu pr\u00e4sentieren. Danach ging es in die Theorie: Warum ist Zielgruppenverst\u00e4ndnis so entscheidend? Was passiert, wenn man es vernachl\u00e4ssigt?<\/p>\n\n\n\n<p>Im Anschluss wurde es praktisch: Anhand von Beispielen und \u00dcbungen probierten die Teilnehmer*innen die Tools direkt aus. Der Austausch war intensiv \u2013 es wurde diskutiert, Erfahrungen geteilt und Herausforderungen reflektiert.<\/p>\n\n\n\n<p>Zum Abschluss gab es eine gemeinsame Reflexionsrunde, in der die wichtigsten Learnings des Workshops zusammengetragen wurden.<\/p>\n\n\n\n<figure class=\"wp-block-gallery has-nested-images columns-default is-cropped wp-block-gallery-1 is-layout-flex wp-block-gallery-is-layout-flex\">\n<figure class=\"wp-block-image size-large is-style-default\"><img loading=\"lazy\" decoding=\"async\" width=\"575\" height=\"1024\" data-id=\"4643\" src=\"https:\/\/vskultur.de\/wp-content\/uploads\/2026\/02\/Medien-575x1024.jpeg\" alt=\"\" class=\"wp-image-4643\" srcset=\"https:\/\/vskultur.de\/wp-content\/uploads\/2026\/02\/Medien-575x1024.jpeg 575w, https:\/\/vskultur.de\/wp-content\/uploads\/2026\/02\/Medien-168x300.jpeg 168w, https:\/\/vskultur.de\/wp-content\/uploads\/2026\/02\/Medien-768x1369.jpeg 768w, https:\/\/vskultur.de\/wp-content\/uploads\/2026\/02\/Medien-862x1536.jpeg 862w, https:\/\/vskultur.de\/wp-content\/uploads\/2026\/02\/Medien-7x12.jpeg 7w, https:\/\/vskultur.de\/wp-content\/uploads\/2026\/02\/Medien.jpeg 1080w\" sizes=\"auto, (max-width: 575px) 100vw, 575px\" \/><\/figure>\n\n\n\n<figure class=\"wp-block-image size-large\"><img loading=\"lazy\" decoding=\"async\" width=\"584\" height=\"1024\" data-id=\"4642\" src=\"https:\/\/vskultur.de\/wp-content\/uploads\/2026\/02\/Medien-1-584x1024.jpeg\" alt=\"\" class=\"wp-image-4642\" srcset=\"https:\/\/vskultur.de\/wp-content\/uploads\/2026\/02\/Medien-1-584x1024.jpeg 584w, https:\/\/vskultur.de\/wp-content\/uploads\/2026\/02\/Medien-1-171x300.jpeg 171w, https:\/\/vskultur.de\/wp-content\/uploads\/2026\/02\/Medien-1-768x1347.jpeg 768w, https:\/\/vskultur.de\/wp-content\/uploads\/2026\/02\/Medien-1-876x1536.jpeg 876w, https:\/\/vskultur.de\/wp-content\/uploads\/2026\/02\/Medien-1-7x12.jpeg 7w, https:\/\/vskultur.de\/wp-content\/uploads\/2026\/02\/Medien-1.jpeg 1079w\" sizes=\"auto, (max-width: 584px) 100vw, 584px\" \/><\/figure>\n<\/figure>\n\n\n\n<p><strong>Fazit<\/strong><strong><\/strong><\/p>\n\n\n\n<p>Der Workshop hat gezeigt: Wer seine Zielgruppe wirklich versteht, kann Angebote passgenauer gestalten, Marketingma\u00dfnahmen optimieren und langfristig erfolgreicher arbeiten. Zielgruppenarbeit ist keine trockene Theorie \u2013 sie ist der Schl\u00fcssel, um Zeit, Geld und Energie effizient einzusetzen.<\/p>\n\n\n\n<p><strong>Neugierig auf den n\u00e4chsten Schritt? <\/strong><\/p>\n\n\n\n<p>Der zweite Workshop der Reihe widmet sich dem Thema Marke \u2013 die Workshops sind thematisch offen gestaltet, sodass du gerne noch dazusto\u00dfen kannst! <strong><\/strong><\/p>\n\n\n\n<p>Sei dabei, wenn wir gemeinsam herausfinden, wie du deine Marke klar positionierst und sichtbar machst. Melde dich jetzt an und <a href=\"https:\/\/vskultur.de\/en\/events\/zielgruppe-marke-sichtbarkeit-workshop-2-branding-zum-anfassen\/\">sichere dir deinen Platz!<\/a><\/p>","protected":false},"excerpt":{"rendered":"<p>Am Montag, den 16.02. 2026 war es endlich soweit: Der erste Workshop unserer beliebten Workshop-Reihe \u201eZielgruppe.Marke.Sichtbarkeit\u201c stand auf dem Programm \u2013 diesmal mit dem Fokus auf Zielgruppe definieren. Im neuen CoLab in der Pelzerstra\u00dfe trafen sich Unternehmer*innen, Gr\u00fcnder*innen und kreative K\u00f6pfe, um gemeinsam an einem Thema zu arbeiten, das oft untersch\u00e4tzt wird, aber enorm wichtig [&hellip;]<\/p>","protected":false},"author":10,"featured_media":4641,"comment_status":"closed","ping_status":"closed","sticky":false,"template":"","format":"standard","meta":{"_acf_changed":false,"inline_featured_image":false,"footnotes":""},"categories":[41],"tags":[],"class_list":["post-4640","post","type-post","status-publish","format-standard","has-post-thumbnail","hentry","category-community-stories"],"acf":[],"_links":{"self":[{"href":"https:\/\/vskultur.de\/en\/wp-json\/wp\/v2\/posts\/4640","targetHints":{"allow":["GET"]}}],"collection":[{"href":"https:\/\/vskultur.de\/en\/wp-json\/wp\/v2\/posts"}],"about":[{"href":"https:\/\/vskultur.de\/en\/wp-json\/wp\/v2\/types\/post"}],"author":[{"embeddable":true,"href":"https:\/\/vskultur.de\/en\/wp-json\/wp\/v2\/users\/10"}],"replies":[{"embeddable":true,"href":"https:\/\/vskultur.de\/en\/wp-json\/wp\/v2\/comments?post=4640"}],"version-history":[{"count":0,"href":"https:\/\/vskultur.de\/en\/wp-json\/wp\/v2\/posts\/4640\/revisions"}],"wp:featuredmedia":[{"embeddable":true,"href":"https:\/\/vskultur.de\/en\/wp-json\/wp\/v2\/media\/4641"}],"wp:attachment":[{"href":"https:\/\/vskultur.de\/en\/wp-json\/wp\/v2\/media?parent=4640"}],"wp:term":[{"taxonomy":"category","embeddable":true,"href":"https:\/\/vskultur.de\/en\/wp-json\/wp\/v2\/categories?post=4640"},{"taxonomy":"post_tag","embeddable":true,"href":"https:\/\/vskultur.de\/en\/wp-json\/wp\/v2\/tags?post=4640"}],"curies":[{"name":"wp","href":"https:\/\/api.w.org\/{rel}","templated":true}]}}