{"id":3959,"date":"2025-06-13T12:44:22","date_gmt":"2025-06-13T10:44:22","guid":{"rendered":"https:\/\/vskultur.de\/?p=3959"},"modified":"2025-09-26T15:27:02","modified_gmt":"2025-09-26T13:27:02","slug":"workshop-rueckblick-knowledge-snack-social-media-tools","status":"publish","type":"post","link":"https:\/\/vskultur.de\/en\/workshop-rueckblick-knowledge-snack-social-media-tools\/","title":{"rendered":"Workshop-R\u00fcckblick: Knowledge Snack - Social Media Tools"},"content":{"rendered":"<p>Wie gestalte ich ansprechende Social Media Posts? Welche Tools helfen mir dabei, effizient zu planen, Inhalte zu bearbeiten und diese professionell und schnell aufzubereiten? Diesen Fragen sind wir im Rahmen unseres Knowledge Snack: Social Media Tools gemeinsam auf den Grund gegangen.\u00a0<\/p>\n\n\n\n<p>In einer kompakten, praxisnahen Session gaben wir am 06.06.2025 einen \u00dcberblick \u00fcber hilfreiche Werkzeuge f\u00fcr den Social-Media-Alltag \u2013 von Canva zur Erstellung von Grafiken, \u00fcber InShot zur einfachen Videobearbeitung am Smartphone, bis hin zur Meta Business Suite zur Planung und Analyse von Beitr\u00e4gen. Dabei lag der Fokus auf den Grundlagen der jeweiligen Tools und konkreten Tipps f\u00fcr den Einstieg.\u00a0<\/p>\n\n\n\n<p>Besonders wertvoll war der Austausch in der bunt gemischten Runde: Die Teilnehmenden brachten ganz unterschiedliche Vorkenntnisse mit \u2013 von wenig bis viel Erfahrung \u2013 und konnten so aktiv voneinander lernen. Es wurde gefragt, ausprobiert, gelacht und geteilt \u2013 ein echtes Miteinander auf Augenh\u00f6he.\u00a0<\/p>\n\n\n\n<p>Gerade f\u00fcr <strong>Gr\u00fcnder*innen<\/strong> war der Workshop besonders hilfreich: In der fr\u00fchen Phase eines Unternehmens sind Zeit und Ressourcen oft knapp \u2013 umso wichtiger ist es, Tools zu kennen, mit denen sich professioneller Social-Media-Content schnell und kosteng\u00fcnstig umsetzen l\u00e4sst. Ob f\u00fcr den Markenaufbau, die Customer Journey oder die Reichweitensteigerung: Der Workshop bot eine wertvolle Grundlage, um Social Media strategisch und effizient einzusetzen.\u00a0<\/p>\n\n\n\n<p>Ein gelungener Wissens-Snack, der nicht nur Tools, sondern auch Menschen miteinander verbunden hat!\u00a0<\/p>\n\n\n\n<p>\ud83d\udc49 Schon vorgemerkt?\u00a0<br>Am 26. Juni 2025 um 15:00 Uhr geht\u2019s weiter mit unserem n\u00e4chsten Workshop:\u00a0<br>Deep Dive: Selbstf\u00fchrung und Resilienz\u00a0<br>St\u00e4rke deine pers\u00f6nliche Resilienz! In diesem interaktiven Deep Dive lernst du, wie du mit deinen individuellen St\u00e4rken besser umgehst, Herausforderungen meisterst und durch Tools wie das <em>Balance Dashboard<\/em> and <em>Design Your Life<\/em> dein Leben bewusster und zielgerichteter gestaltest.\u00a0<\/p>\n\n\n\n<p>\u00a0<br><a href=\"https:\/\/www.eventbrite.de\/e\/deep-dive-selbstfuhrung-resilienz-tickets-1205690987199?aff=oddtdtcreator\">Jetzt anmelden<\/a> und an deiner inneren St\u00e4rke arbeiten!\u00a0<\/p>","protected":false},"excerpt":{"rendered":"<p>Wie gestalte ich ansprechende Social Media Posts? Welche Tools helfen mir dabei, effizient zu planen, Inhalte zu bearbeiten und diese professionell und schnell aufzubereiten? Diesen Fragen sind wir im Rahmen unseres Knowledge Snack: Social Media Tools gemeinsam auf den Grund gegangen.\u00a0 In einer kompakten, praxisnahen Session gaben wir am 06.06.2025 einen \u00dcberblick \u00fcber hilfreiche Werkzeuge [&hellip;]<\/p>","protected":false},"author":10,"featured_media":3960,"comment_status":"closed","ping_status":"closed","sticky":false,"template":"","format":"standard","meta":{"_acf_changed":false,"inline_featured_image":false,"footnotes":""},"categories":[41],"tags":[],"class_list":["post-3959","post","type-post","status-publish","format-standard","has-post-thumbnail","hentry","category-community-stories"],"acf":[],"_links":{"self":[{"href":"https:\/\/vskultur.de\/en\/wp-json\/wp\/v2\/posts\/3959","targetHints":{"allow":["GET"]}}],"collection":[{"href":"https:\/\/vskultur.de\/en\/wp-json\/wp\/v2\/posts"}],"about":[{"href":"https:\/\/vskultur.de\/en\/wp-json\/wp\/v2\/types\/post"}],"author":[{"embeddable":true,"href":"https:\/\/vskultur.de\/en\/wp-json\/wp\/v2\/users\/10"}],"replies":[{"embeddable":true,"href":"https:\/\/vskultur.de\/en\/wp-json\/wp\/v2\/comments?post=3959"}],"version-history":[{"count":0,"href":"https:\/\/vskultur.de\/en\/wp-json\/wp\/v2\/posts\/3959\/revisions"}],"wp:featuredmedia":[{"embeddable":true,"href":"https:\/\/vskultur.de\/en\/wp-json\/wp\/v2\/media\/3960"}],"wp:attachment":[{"href":"https:\/\/vskultur.de\/en\/wp-json\/wp\/v2\/media?parent=3959"}],"wp:term":[{"taxonomy":"category","embeddable":true,"href":"https:\/\/vskultur.de\/en\/wp-json\/wp\/v2\/categories?post=3959"},{"taxonomy":"post_tag","embeddable":true,"href":"https:\/\/vskultur.de\/en\/wp-json\/wp\/v2\/tags?post=3959"}],"curies":[{"name":"wp","href":"https:\/\/api.w.org\/{rel}","templated":true}]}}