{"id":3923,"date":"2025-05-08T12:51:10","date_gmt":"2025-05-08T10:51:10","guid":{"rendered":"https:\/\/vskultur.de\/?p=3923"},"modified":"2025-09-26T15:27:02","modified_gmt":"2025-09-26T13:27:02","slug":"rueckblick-workshop-buchhaltung-fuer-gruender-zahlen-daten-fakten-am-27-03-2025","status":"publish","type":"post","link":"https:\/\/vskultur.de\/en\/rueckblick-workshop-buchhaltung-fuer-gruender-zahlen-daten-fakten-am-27-03-2025\/","title":{"rendered":"R\u00fcckblick: Workshop \u201eBuchhaltung f\u00fcr Gr\u00fcnder \u2013 Zahlen, Daten, Fakten\u201c am 27.03.2025"},"content":{"rendered":"<p>Buchhaltung \u2013 f\u00fcr viele Gr\u00fcnder*innen ein Thema mit vielen Fragezeichen. Was muss ich beachten? Reicht die Einnahmen-\u00dcberschuss-Rechnung aus? Wann sollte ich besser einen Steuerberater hinzuziehen? Und wie kann ich sicherstellen, dass ich alles richtig mache? Diese und viele weitere Fragen standen im Mittelpunkt unseres Workshops am 27. M\u00e4rz 2025.<\/p>\n\n\n\n<p>Mit Roswitha Galetzkie, Leiterin der Finanzen bei der Webmen Werbeagentur, konnten wir eine erfahrene Expertin gewinnen, die mit viel Fachwissen und einer gro\u00dfen Portion Praxisn\u00e4he durch den Workshop f\u00fchrte. Ihr Input war nicht nur fundiert, sondern vor allem alltagstauglich \u2013 ganz nach dem Motto: \u201eWas muss wirklich gemacht werden, was ist sinnvoll \u2013 und was erwartet das Finanzamt?\u201c<\/p>\n\n\n\n<p>Besonders hilfreich war, dass auf die verschiedenen Rechtsformen eingegangen wurde und welche Anforderungen an die Buchhaltung jeweils gestellt werden. Von Rechnungsstellung \u00fcber Umsatzsteuer bis hin zur Kommunikation mit dem Finanzamt \u2013 die Teilnehmenden erhielten einen kompakten \u00dcberblick und konnten ihre individuellen Fragen direkt stellen.<\/p>\n\n\n\n<p>Der offene Austausch war ein wesentlicher Bestandteil des Workshops, und es zeigte sich erneut: Gerade bei Unsicherheiten rund um Zahlen und Paragraphen hilft ein klarer Blick von au\u00dfen \u2013 und die M\u00f6glichkeit, Fragen in einem gesch\u00fctzten Rahmen zu stellen.<\/p>\n\n\n\n<p>Das Feedback war eindeutig: <em>\u201eBitte mehr davon \u2013 und gerne wieder!\u201c<\/em><\/p>\n\n\n\n<p>Wir freuen uns, dass der Workshop so gut angenommen wurde und planen bereits weitere Angebote, um Gr\u00fcnder*innen bei allen unternehmerischen Fragen zu unterst\u00fctzen \u2013 von der ersten Idee bis zur geordneten Buchf\u00fchrung.<\/p>\n\n\n\n<p>Bleibt auf dem Laufenden \u2013 und kommt bei Fragen rund um Finanzen gerne auf uns zu!<\/p>","protected":false},"excerpt":{"rendered":"<p>Buchhaltung \u2013 f\u00fcr viele Gr\u00fcnder*innen ein Thema mit vielen Fragezeichen. Was muss ich beachten? Reicht die Einnahmen-\u00dcberschuss-Rechnung aus? Wann sollte ich besser einen Steuerberater hinzuziehen? Und wie kann ich sicherstellen, dass ich alles richtig mache? Diese und viele weitere Fragen standen im Mittelpunkt unseres Workshops am 27. M\u00e4rz 2025. Mit Roswitha Galetzkie, Leiterin der Finanzen [&hellip;]<\/p>","protected":false},"author":10,"featured_media":3924,"comment_status":"closed","ping_status":"closed","sticky":false,"template":"","format":"standard","meta":{"_acf_changed":false,"inline_featured_image":false,"footnotes":""},"categories":[41],"tags":[],"class_list":["post-3923","post","type-post","status-publish","format-standard","has-post-thumbnail","hentry","category-community-stories"],"acf":[],"_links":{"self":[{"href":"https:\/\/vskultur.de\/en\/wp-json\/wp\/v2\/posts\/3923","targetHints":{"allow":["GET"]}}],"collection":[{"href":"https:\/\/vskultur.de\/en\/wp-json\/wp\/v2\/posts"}],"about":[{"href":"https:\/\/vskultur.de\/en\/wp-json\/wp\/v2\/types\/post"}],"author":[{"embeddable":true,"href":"https:\/\/vskultur.de\/en\/wp-json\/wp\/v2\/users\/10"}],"replies":[{"embeddable":true,"href":"https:\/\/vskultur.de\/en\/wp-json\/wp\/v2\/comments?post=3923"}],"version-history":[{"count":0,"href":"https:\/\/vskultur.de\/en\/wp-json\/wp\/v2\/posts\/3923\/revisions"}],"wp:featuredmedia":[{"embeddable":true,"href":"https:\/\/vskultur.de\/en\/wp-json\/wp\/v2\/media\/3924"}],"wp:attachment":[{"href":"https:\/\/vskultur.de\/en\/wp-json\/wp\/v2\/media?parent=3923"}],"wp:term":[{"taxonomy":"category","embeddable":true,"href":"https:\/\/vskultur.de\/en\/wp-json\/wp\/v2\/categories?post=3923"},{"taxonomy":"post_tag","embeddable":true,"href":"https:\/\/vskultur.de\/en\/wp-json\/wp\/v2\/tags?post=3923"}],"curies":[{"name":"wp","href":"https:\/\/api.w.org\/{rel}","templated":true}]}}