{"id":3794,"date":"2025-01-30T11:20:14","date_gmt":"2025-01-30T10:20:14","guid":{"rendered":"https:\/\/vskultur.de\/?p=3794"},"modified":"2025-09-26T15:26:59","modified_gmt":"2025-09-26T13:26:59","slug":"workshop-rueckblick-knowledge-snack-am-27-01-2025","status":"publish","type":"post","link":"https:\/\/vskultur.de\/en\/workshop-rueckblick-knowledge-snack-am-27-01-2025\/","title":{"rendered":"Workshop-R\u00fcckblick: Knowledge Snack am 27.01.2025"},"content":{"rendered":"<p><strong> Vision & Mission \u2013 Ein klarer Kompass f\u00fcr die Gr\u00fcndung<\/strong>\u00a0<\/p>\n\n\n\n<p>Am Montag fand unser erster <strong>Knowledge Snack<\/strong> des Jahres statt \u2013 diesmal zum Thema <strong>Vision & Mission<\/strong>. Drei Teilnehmende nutzten die Gelegenheit, sich intensiv mit der grundlegenden Frage auseinanderzusetzen: <strong>Warum tue ich das, was ich tue \u2013 und wie setze ich es um?<\/strong>\u00a0<\/p>\n\n\n\n<p>Gerade zu Beginn eines Projekts oder einer Gr\u00fcndung bleibt oft wenig Zeit, die eigene Ausrichtung bewusst zu definieren. Stattdessen liegt der Fokus schnell auf konkreten Produkten oder Dienstleistungen. Doch eine klare Vision und Mission helfen dabei, langfristige Ziele zu setzen und fundierte Entscheidungen zu treffen. In unserem kompakten Online-Workshop gaben wir einen ersten Einstieg in diese essenzielle Thematik: Welche Fragen helfen mir, meine eigene Vision und Mission zu sch\u00e4rfen? Wie kann ich diese als Orientierung f\u00fcr meine n\u00e4chsten Schritte nutzen?\u00a0<\/p>\n\n\n\n<p>Mit neuen Denkanst\u00f6\u00dfen und einem klareren Blick auf ihre unternehmerische Ausrichtung verabschiedeten sich die Teilnehmenden aus der Session. Der <strong>Knowledge Snack<\/strong> bot damit einen wertvollen Impuls f\u00fcr das neue Jahr \u2013 und eine Grundlage, auf der weiter aufgebaut werden kann.\u00a0<\/p>\n\n\n\n<p><strong>N\u00e4chste Knowledge Snacks \u2013 Jetzt anmelden!<\/strong>\u00a0<\/p>\n\n\n\n<p>- <strong>18.02. \u2013 \u201ePositionierung und Mehrwert\u201c<\/strong>\u00a0<br>Erfahre, wie du dein Startup oder Projekt erfolgreich im Markt platzieren kannst! Wir teilen wertvolle <strong>Strategien zur Positionierung und Wertkommunikation<\/strong> und zeigen, wie du deine <strong>USPs<\/strong> herausarbeitest. Zudem gibt es die M\u00f6glichkeit, sich mit anderen auszutauschen und neue Impulse f\u00fcr die eigene Positionierung zu gewinnen.\u00a0<\/p>\n\n\n\n<p><a href=\"https:\/\/www.eventbrite.de\/e\/1205617687959?aff=oddtdtcreator\">Anmeldelink\u00a0<\/a><\/p>\n\n\n\n<p>- <strong>25.02. \u2013 \u201eSocial Media: Erste Schritte\u201c<\/strong>\u00a0<br>Du willst mit Social Media starten, wei\u00dft aber nicht, wo und wie? In diesem <strong>Knowledge Snack<\/strong> erf\u00e4hrst du die <strong>Grundlagen f\u00fcr den erfolgreichen Einstieg<\/strong>, erh\u00e4ltst Tipps zur <strong>Plattformwahl<\/strong> und lernst, <strong>ansprechende Inhalte<\/strong> f\u00fcr deine Zielgruppe zu erstellen. Wir zeigen Best Practices aus der Branche und wie Social Media zur <strong>Markenbildung und Kundenbindung<\/strong> beitragen kann.\u00a0<\/p>\n\n\n\n<p><a href=\"https:\/\/www.eventbrite.de\/e\/1205644558329?aff=oddtdtcreator\">Anmeldelink<\/a>\u00a0<\/p>","protected":false},"excerpt":{"rendered":"<p>Vision &#038; Mission \u2013 Ein klarer Kompass f\u00fcr die Gr\u00fcndung\u00a0 Am Montag fand unser erster Knowledge Snack des Jahres statt \u2013 diesmal zum Thema Vision &#038; Mission. Drei Teilnehmende nutzten die Gelegenheit, sich intensiv mit der grundlegenden Frage auseinanderzusetzen: Warum tue ich das, was ich tue \u2013 und wie setze ich es um?\u00a0 Gerade zu [&hellip;]<\/p>","protected":false},"author":10,"featured_media":3795,"comment_status":"closed","ping_status":"closed","sticky":false,"template":"","format":"standard","meta":{"_acf_changed":false,"inline_featured_image":false,"footnotes":""},"categories":[41],"tags":[],"class_list":["post-3794","post","type-post","status-publish","format-standard","has-post-thumbnail","hentry","category-community-stories"],"acf":[],"_links":{"self":[{"href":"https:\/\/vskultur.de\/en\/wp-json\/wp\/v2\/posts\/3794","targetHints":{"allow":["GET"]}}],"collection":[{"href":"https:\/\/vskultur.de\/en\/wp-json\/wp\/v2\/posts"}],"about":[{"href":"https:\/\/vskultur.de\/en\/wp-json\/wp\/v2\/types\/post"}],"author":[{"embeddable":true,"href":"https:\/\/vskultur.de\/en\/wp-json\/wp\/v2\/users\/10"}],"replies":[{"embeddable":true,"href":"https:\/\/vskultur.de\/en\/wp-json\/wp\/v2\/comments?post=3794"}],"version-history":[{"count":0,"href":"https:\/\/vskultur.de\/en\/wp-json\/wp\/v2\/posts\/3794\/revisions"}],"wp:featuredmedia":[{"embeddable":true,"href":"https:\/\/vskultur.de\/en\/wp-json\/wp\/v2\/media\/3795"}],"wp:attachment":[{"href":"https:\/\/vskultur.de\/en\/wp-json\/wp\/v2\/media?parent=3794"}],"wp:term":[{"taxonomy":"category","embeddable":true,"href":"https:\/\/vskultur.de\/en\/wp-json\/wp\/v2\/categories?post=3794"},{"taxonomy":"post_tag","embeddable":true,"href":"https:\/\/vskultur.de\/en\/wp-json\/wp\/v2\/tags?post=3794"}],"curies":[{"name":"wp","href":"https:\/\/api.w.org\/{rel}","templated":true}]}}