{"id":3489,"date":"2024-07-12T18:57:55","date_gmt":"2024-07-12T16:57:55","guid":{"rendered":"https:\/\/vskultur.de\/?p=3489"},"modified":"2025-09-26T15:26:54","modified_gmt":"2025-09-26T13:26:54","slug":"erfolgreicher-workshop-lessons-learned-durch-social-media","status":"publish","type":"post","link":"https:\/\/vskultur.de\/en\/erfolgreicher-workshop-lessons-learned-durch-social-media\/","title":{"rendered":"Successful workshop \"First Steps Social Media\"\u00a0"},"content":{"rendered":"<p>Am vergangenen Mittwoch fand unser Workshop \u201eFirst Steps Social Media\u201c statt, und wir freuen uns, berichten zu k\u00f6nnen, dass er ein voller Erfolg war!\u00a0\u00a0<\/p>\n\n\n\n<p>Mit acht engagierten Teilnehmerinnen und Teilnehmern haben wir gemeinsam wertvolle Erkenntnisse aus der Welt der sozialen Medien geteilt, diskutiert und verglichen.\u00a0<\/p>\n\n\n\n<p>F\u00fcr Gr\u00fcnderinnen und Gr\u00fcnder bieten soziale Medien eine einzigartige Plattform, um ihre Marke aufzubauen, ihre Produkte und Dienstleistungen zu bewerben und direkt mit ihrer Zielgruppe zu interagieren. In der fr\u00fchen Phase eines Unternehmens kann die richtige Nutzung von Social Media den Unterschied zwischen Erfolg und Misserfolg ausmachen. Die Teilnehmer unseres Workshops haben gelernt, wie sie effektive Social-Media-Strategien entwickeln, Fehler vermeiden und ethisch verantwortungsbewusst handeln k\u00f6nnen. Diese F\u00e4higkeiten sind entscheidend, um im Wettbewerbsumfeld sichtbar zu bleiben und nachhaltig zu wachsen.\u00a0<\/p>\n\n\n\n<p>Der Workshop begann mit einer offenen Runde, in der jeder seine pers\u00f6nlichen Erwartungen des Workshops Teilen konnte. Diese Chance wurde auch genutzt, um die pers\u00f6nlichen Erfahrungen der Teilnehmenden mit Social Media kennenzulernen. Es war beeindruckend zu sehen, wie vielf\u00e4ltig die Meinungen und Erlebnisse waren. Viele Teilnehmende berichteten von positiven Begegnungen und inspirierenden Inhalten, die sie motiviert haben, aktiv zu bleiben. Andere wollten wieder aktiv werden und haben die Runde genutzt, um Fragen loszuwerden.\u00a0<\/p>\n\n\n\n<p>Ein zentraler Punkt unseres Austauschs war das Kennenlernen aller Plattformen. So haben wir uns gemeinsam die Social Media Plattformen angesehen und direkt Fragen die aufkamen gekl\u00e4rt. Auch wurde aus dem Visionskultur-Media-Team berichtet und praktische Tipps im Umgang mit den Plattformen wurden geteilt.\u00a0<\/p>\n\n\n\n<p>Ein weiterer wichtiger Aspekt war die Kl\u00e4rung von Go\u00b4s und No Go\u00b4s in den Sozialen Medien. So wurde auch die ethische Verantwortung und wie jeder Einzelne zu einer positiven digitalen Gemeinschaft beitragen kann angesprochen.\u00a0<\/p>\n\n\n\n<p>Am Ende des Workshops wurden nochmal die am Anfang kommunizierten Erwartungen gekl\u00e4rt und W\u00fcnsche f\u00fcr kommende Workshops kommuniziert. Das Feedback war durchweg positiv: Alle Teilnehmer f\u00fchlten sich inspiriert und motiviert, ihre Social-Media-Pr\u00e4senz aktiv zu gestalten und bewusster mit den Herausforderungen umzugehen.\u00a0<\/p>\n\n\n\n<p>Wir danken allen Teilnehmerinnen und Teilnehmern f\u00fcr ihre Offenheit und ihr Engagement! Es war eine bereichernde Erfahrung, die uns alle ein St\u00fcck weitergebracht hat. Wir freuen uns auf zuk\u00fcnftige Workshops und darauf, weiterhin gemeinsam zu lernen und zu wachsen.\u00a0<\/p>\n\n\n\n<p>Bleib dran f\u00fcr weitere spannende Themen und Veranstaltungen rund um die Welt der sozialen Medien! Im September folgt der n\u00e4chste Workshop \u201cLessons learned by Social Media\u201d in dem wir praktisch in den Austausch gehen und Erfahrungen miteinander Teilen. \u00a0<\/p>\n\n\n\n<p>Wenn dich weitere Workshops mit Gr\u00fcndungsbezug interessieren, findest du sie im Reiter \u201cEvents\u201d auf der Website! Wir freuen uns immer \u00fcber eine rege Teilnahme. \ud83d\ude42\u00a0<\/p>\n\n\n\n<p><\/p>","protected":false},"excerpt":{"rendered":"<p>Am vergangenen Mittwoch fand unser Workshop \u201eFirst Steps Social Media\u201c statt, und wir freuen uns, berichten zu k\u00f6nnen, dass er ein voller Erfolg war!\u00a0\u00a0 Mit acht engagierten Teilnehmerinnen und Teilnehmern haben wir gemeinsam wertvolle Erkenntnisse aus der Welt der sozialen Medien geteilt, diskutiert und verglichen.\u00a0 F\u00fcr Gr\u00fcnderinnen und Gr\u00fcnder bieten soziale Medien eine einzigartige Plattform, [&hellip;]<\/p>","protected":false},"author":10,"featured_media":3490,"comment_status":"closed","ping_status":"closed","sticky":false,"template":"","format":"standard","meta":{"_acf_changed":false,"inline_featured_image":false,"footnotes":""},"categories":[41],"tags":[],"class_list":["post-3489","post","type-post","status-publish","format-standard","has-post-thumbnail","hentry","category-community-stories"],"acf":[],"_links":{"self":[{"href":"https:\/\/vskultur.de\/en\/wp-json\/wp\/v2\/posts\/3489","targetHints":{"allow":["GET"]}}],"collection":[{"href":"https:\/\/vskultur.de\/en\/wp-json\/wp\/v2\/posts"}],"about":[{"href":"https:\/\/vskultur.de\/en\/wp-json\/wp\/v2\/types\/post"}],"author":[{"embeddable":true,"href":"https:\/\/vskultur.de\/en\/wp-json\/wp\/v2\/users\/10"}],"replies":[{"embeddable":true,"href":"https:\/\/vskultur.de\/en\/wp-json\/wp\/v2\/comments?post=3489"}],"version-history":[{"count":0,"href":"https:\/\/vskultur.de\/en\/wp-json\/wp\/v2\/posts\/3489\/revisions"}],"wp:featuredmedia":[{"embeddable":true,"href":"https:\/\/vskultur.de\/en\/wp-json\/wp\/v2\/media\/3490"}],"wp:attachment":[{"href":"https:\/\/vskultur.de\/en\/wp-json\/wp\/v2\/media?parent=3489"}],"wp:term":[{"taxonomy":"category","embeddable":true,"href":"https:\/\/vskultur.de\/en\/wp-json\/wp\/v2\/categories?post=3489"},{"taxonomy":"post_tag","embeddable":true,"href":"https:\/\/vskultur.de\/en\/wp-json\/wp\/v2\/tags?post=3489"}],"curies":[{"name":"wp","href":"https:\/\/api.w.org\/{rel}","templated":true}]}}