{"id":3414,"date":"2024-06-07T13:43:11","date_gmt":"2024-06-07T11:43:11","guid":{"rendered":"https:\/\/vskultur.de\/?p=3414"},"modified":"2025-09-26T15:26:51","modified_gmt":"2025-09-26T13:26:51","slug":"summersounds-festival-debuet-mit-dem-kulturmobil","status":"publish","type":"post","link":"https:\/\/vskultur.de\/en\/summersounds-festival-debuet-mit-dem-kulturmobil\/","title":{"rendered":"SummerSounds: Festival-Deb\u00fct mit dem KulturMobil"},"content":{"rendered":"<p>Letzte Woche waren wir mit vielen Projekten und unserem Mobil auf dem 19. Musik- und Kulturfestival in der Bremer Neustadt.<\/p>\n\n\n\n<p>Aus der Pressemitteilung des SummerSounds: <em>Der \u201emagische H\u00fcgel\u201c ist schnell gef\u00fcllt, chillige Wohlf\u00fchlatmosph\u00e4re breitet sich aus... Nach den gro\u00dfen Herausforderungen bei der Planung ist die 19. Auflage des beliebten Musik- und Kulturfestivals ein voller Erfolg. \u201eEs hat sich gelohnt, wochenlang um SummerSounds zu k\u00e4mpfen. Die vielen gl\u00fccklichen Besucher*innen best\u00e4tigen das. Wir sind rundum happy!\u201c, freut sich Astrid-Verena Dietze, Stadtteilmanagerin der Bremer Neustadt und Veranstalterin von SummerSounds. Mit \u00fcber 30.000 Festivalg\u00e4sten l\u00e4utet SummerSounds vom 31.05. bis 02.06.2024 bei \u00fcberraschend gutem Wetter die Open-Air-Saison ein. Bestens gelaunt vergn\u00fcgen sich Menschen jeden Alters und unterschiedlicher Herkunft in den gr\u00fcnen Neustadtswallanlagen vor der H\u00fcgelb\u00fchne, bei der Campusb\u00fchne, beim JazzClub im Zirkuszelt und bei den individuellen B\u00fchnen von Bar Urlaub, Drittel Bar und Muchos Mas. Im \u201eLittle SummerSounds\u201c begeistern sich die J\u00fcngsten f\u00fcr Spiel, Sport und kreative Aktionen. Vielf\u00e4ltige Info-St\u00e4nde inspirieren nachhaltig. Wie wichtig \u201eKultur als Standortfaktor\u201c ist, belegt die Talk-Runde von Visionskultur beim SummerBrunch \u2013 mit Sarah Ryglewski, Staatsministerin des Bundeskanzlers, Kai St\u00fchrenberg, Staatsrat bei der Senatorin f\u00fcr Wirtschaft, H\u00e4fen und Transformation sowie Astrid-Verena Dietze<\/em>.<\/p>\n\n\n\n<p><strong>Visionskultur bezaubert mit neuer B\u00fchne<\/strong><\/p>\n\n\n\n<p>Wir waren dieses Jahr mit unserem neuen Kulturmobil vor Ort und unsere B\u00fchne wurden von gro\u00dfartigen Community-Projekten bespielt. So hat Charly Medrano mit seiner Musikgruppe \u201eDun Dun Deichklang\u201c das SummerSounds mit Trommelmusik bereichert, Thorsten Sander mit seinem Projekt \u201eFrom Desk Re-Born\u201c Oldies gecovert und so wurde eine gem\u00fctliche Stimmung verbreitet. Die Deutsch-Indische Gesellschaft (DIG) hat die indische Kultur in die Neustadt gebracht und ist \u00fcber dem Platz vor dem Kulturmobil getanzt.<\/p>\n\n\n\n<p>Wer vor dem Kulturmobil vorbeigeschlendert ist, hat ebenfalls die Projektst\u00e4nde der Community gesehen und konnte bei \u201eWolfgang Chai\u201c probieren, bei \u201eNeighboorshrooms\u201c Pilze kosten und bei in der Outdoor-Galerie von \u201eKunst ist Wandel\u201c Fotos bestaunen. Au\u00dferdem war \u201ePhototio\u201c vor Ort und hat Postkarten und den selbstgebauten Kunstautomaten ausgestellt und \u201eFashion Up\u201c hat Kleidungsst\u00fccke der Eigenmarke Trashures ausgestellt.<\/p>\n\n\n\n<figure class=\"wp-block-gallery has-nested-images columns-default is-cropped wp-block-gallery-1 is-layout-flex wp-block-gallery-is-layout-flex\">\n<figure class=\"wp-block-image size-large\"><img loading=\"lazy\" decoding=\"async\" width=\"1024\" height=\"769\" data-id=\"3419\" src=\"https:\/\/vskultur.de\/wp-content\/uploads\/2024\/06\/P1011551-1024x769.jpg\" alt=\"\" class=\"wp-image-3419\" srcset=\"https:\/\/vskultur.de\/wp-content\/uploads\/2024\/06\/P1011551-1024x769.jpg 1024w, https:\/\/vskultur.de\/wp-content\/uploads\/2024\/06\/P1011551-300x225.jpg 300w, https:\/\/vskultur.de\/wp-content\/uploads\/2024\/06\/P1011551-768x577.jpg 768w, https:\/\/vskultur.de\/wp-content\/uploads\/2024\/06\/P1011551-1536x1153.jpg 1536w, https:\/\/vskultur.de\/wp-content\/uploads\/2024\/06\/P1011551-2048x1538.jpg 2048w, https:\/\/vskultur.de\/wp-content\/uploads\/2024\/06\/P1011551-scaled.jpg 2560w\" sizes=\"auto, (max-width: 1024px) 100vw, 1024px\" \/><\/figure>\n\n\n\n<figure class=\"wp-block-image size-large\"><img loading=\"lazy\" decoding=\"async\" width=\"769\" height=\"1024\" data-id=\"3421\" src=\"https:\/\/vskultur.de\/wp-content\/uploads\/2024\/06\/P1011559-769x1024.jpg\" alt=\"\" class=\"wp-image-3421\" srcset=\"https:\/\/vskultur.de\/wp-content\/uploads\/2024\/06\/P1011559-769x1024.jpg 769w, https:\/\/vskultur.de\/wp-content\/uploads\/2024\/06\/P1011559-225x300.jpg 225w, https:\/\/vskultur.de\/wp-content\/uploads\/2024\/06\/P1011559-768x1023.jpg 768w, https:\/\/vskultur.de\/wp-content\/uploads\/2024\/06\/P1011559-1153x1536.jpg 1153w, https:\/\/vskultur.de\/wp-content\/uploads\/2024\/06\/P1011559-1538x2048.jpg 1538w, https:\/\/vskultur.de\/wp-content\/uploads\/2024\/06\/P1011559-scaled.jpg 1922w\" sizes=\"auto, (max-width: 769px) 100vw, 769px\" \/><\/figure>\n\n\n\n<figure class=\"wp-block-image size-large\"><img loading=\"lazy\" decoding=\"async\" width=\"769\" height=\"1024\" data-id=\"3423\" src=\"https:\/\/vskultur.de\/wp-content\/uploads\/2024\/06\/P1011529-769x1024.jpg\" alt=\"\" class=\"wp-image-3423\" srcset=\"https:\/\/vskultur.de\/wp-content\/uploads\/2024\/06\/P1011529-769x1024.jpg 769w, https:\/\/vskultur.de\/wp-content\/uploads\/2024\/06\/P1011529-225x300.jpg 225w, https:\/\/vskultur.de\/wp-content\/uploads\/2024\/06\/P1011529-768x1023.jpg 768w, https:\/\/vskultur.de\/wp-content\/uploads\/2024\/06\/P1011529-1153x1536.jpg 1153w, https:\/\/vskultur.de\/wp-content\/uploads\/2024\/06\/P1011529-1538x2048.jpg 1538w, https:\/\/vskultur.de\/wp-content\/uploads\/2024\/06\/P1011529-scaled.jpg 1922w\" sizes=\"auto, (max-width: 769px) 100vw, 769px\" \/><\/figure>\n<\/figure>\n\n\n\n<p><strong>SummerBrunch & Talk-Runde zu \u201eKultur\u201c<\/strong><\/p>\n\n\n\n<p>Aus der Pressemitteilung des SummerSounds: <em>Interesse an Austausch und Vernetzung ist beim 3. SummerBrunch am Sonntag, 02.06. ab 11 Uhr sp\u00fcrbar. Nachbar*innen und Neugierige bedienen sich an der reich gef\u00fcllten Tafel der Initiative Foodsharing oder tauschen Fr\u00fchst\u00fccks-Mitbringsel. Dabei verfolgen alle gespannt die Talk-Runde zu \u201eKultur als Standortfaktor\u201c von Visionskultur, F\u00f6rderer von Start-ups, Projekten und Ideen. \u201eBremen ist bekannt f\u00fcr seine Kultur \u201aumsonst und drau\u00dfen\u2019. Begegnung hat hier eine hohe Bedeutung. Die Aufmerksamkeit f\u00fcr die Bandbreite des Kulturangebotes m\u00fcsste noch forciert werden, insbesondere bei der Wirtschaft\u201c, w\u00fcnscht sich Sarah Ryglewski.\u00a0<\/em><\/p>\n\n\n\n<p><em>\u201eKultur ist die Lebensader von Standorten. Davon profitiert letztlich auch die Wirtschaft\u201c, findet Kai St\u00fchrenberg. \u201eEine Investition in Kultur ist enorm wichtig. Dabei sollten Nachhaltigkeit und Qualit\u00e4t im Fokus stehen, so wie hier bei SummerSounds.\u201c \u201eWir werden\u00a0alles geben, damit unser Festival auch 2025 wieder stattfinden kann\u201c, verspricht Astrid-Verena Dietze.<\/em><\/p>\n\n\n\n<p>Auch nach der Diskussionsrunde wird Visionskultur das Thema \u201eStandortf\u00f6rderung\u201c in unseren Aktivit\u00e4ten und diversen Formaten weiter nach vorne bringen. Und nat\u00fcrlich freuen wir uns jetzt schon, beim n\u00e4chsten SummerSounds in 2025 wieder am Start zu sein.<\/p>\n\n\n\n<p><em>Weitere Informationen & Aftermovies: <a href=\"http:\/\/www.summersounds.de\">www.summersounds.de<\/a> und www.neustadtbremen.de<\/em><\/p>\n\n\n\n<p><em>Veranstalterin\/Organisatorin: \u00a0Neustadt Stadtteilmanagement (Alte Schnapsfabrik,\u00a0Am Deich 86, 28199 Bremen-Neustadt)<\/em><\/p>\n\n\n\n<p>Die gro\u00dfartigen Fotos sind von Moritz R\u00f6ber (Insta: @moritz_roeber). Danke daf\u00fcr!<\/p>\n\n\n\n<figure class=\"wp-block-gallery has-nested-images columns-default is-cropped wp-block-gallery-2 is-layout-flex wp-block-gallery-is-layout-flex\">\n<figure class=\"wp-block-image size-large\"><img loading=\"lazy\" decoding=\"async\" width=\"769\" height=\"1024\" data-id=\"3416\" src=\"https:\/\/vskultur.de\/wp-content\/uploads\/2024\/06\/P1011316-769x1024.jpg\" alt=\"\" class=\"wp-image-3416\" srcset=\"https:\/\/vskultur.de\/wp-content\/uploads\/2024\/06\/P1011316-769x1024.jpg 769w, https:\/\/vskultur.de\/wp-content\/uploads\/2024\/06\/P1011316-225x300.jpg 225w, https:\/\/vskultur.de\/wp-content\/uploads\/2024\/06\/P1011316-768x1023.jpg 768w, https:\/\/vskultur.de\/wp-content\/uploads\/2024\/06\/P1011316-1153x1536.jpg 1153w, https:\/\/vskultur.de\/wp-content\/uploads\/2024\/06\/P1011316-1538x2048.jpg 1538w, https:\/\/vskultur.de\/wp-content\/uploads\/2024\/06\/P1011316-scaled.jpg 1922w\" sizes=\"auto, (max-width: 769px) 100vw, 769px\" \/><\/figure>\n\n\n\n<figure class=\"wp-block-image size-large\"><img loading=\"lazy\" decoding=\"async\" width=\"739\" height=\"1024\" data-id=\"3417\" src=\"https:\/\/vskultur.de\/wp-content\/uploads\/2024\/06\/thumbnail_SuSou_Talkgaeste_Kultur_SoerenSlowak__02jpg-739x1024.jpg\" alt=\"\" class=\"wp-image-3417\" srcset=\"https:\/\/vskultur.de\/wp-content\/uploads\/2024\/06\/thumbnail_SuSou_Talkgaeste_Kultur_SoerenSlowak__02jpg-739x1024.jpg 739w, https:\/\/vskultur.de\/wp-content\/uploads\/2024\/06\/thumbnail_SuSou_Talkgaeste_Kultur_SoerenSlowak__02jpg-217x300.jpg 217w, https:\/\/vskultur.de\/wp-content\/uploads\/2024\/06\/thumbnail_SuSou_Talkgaeste_Kultur_SoerenSlowak__02jpg-768x1064.jpg 768w, https:\/\/vskultur.de\/wp-content\/uploads\/2024\/06\/thumbnail_SuSou_Talkgaeste_Kultur_SoerenSlowak__02jpg-1109x1536.jpg 1109w, https:\/\/vskultur.de\/wp-content\/uploads\/2024\/06\/thumbnail_SuSou_Talkgaeste_Kultur_SoerenSlowak__02jpg-1479x2048.jpg 1479w, https:\/\/vskultur.de\/wp-content\/uploads\/2024\/06\/thumbnail_SuSou_Talkgaeste_Kultur_SoerenSlowak__02jpg.jpg 1535w\" sizes=\"auto, (max-width: 739px) 100vw, 739px\" \/><\/figure>\n\n\n\n<figure class=\"wp-block-image size-large\"><img loading=\"lazy\" decoding=\"async\" width=\"769\" height=\"1024\" data-id=\"3418\" src=\"https:\/\/vskultur.de\/wp-content\/uploads\/2024\/06\/P1011518-769x1024.jpg\" alt=\"\" class=\"wp-image-3418\" srcset=\"https:\/\/vskultur.de\/wp-content\/uploads\/2024\/06\/P1011518-769x1024.jpg 769w, https:\/\/vskultur.de\/wp-content\/uploads\/2024\/06\/P1011518-225x300.jpg 225w, https:\/\/vskultur.de\/wp-content\/uploads\/2024\/06\/P1011518-768x1023.jpg 768w, https:\/\/vskultur.de\/wp-content\/uploads\/2024\/06\/P1011518-1153x1536.jpg 1153w, https:\/\/vskultur.de\/wp-content\/uploads\/2024\/06\/P1011518-1538x2048.jpg 1538w, https:\/\/vskultur.de\/wp-content\/uploads\/2024\/06\/P1011518-scaled.jpg 1922w\" sizes=\"auto, (max-width: 769px) 100vw, 769px\" \/><\/figure>\n<\/figure>","protected":false},"excerpt":{"rendered":"<p>Letzte Woche waren wir mit vielen Projekten und unserem Mobil auf dem 19. Musik- und Kulturfestival in der Bremer Neustadt. Aus der Pressemitteilung des SummerSounds: Der \u201emagische H\u00fcgel\u201c ist schnell gef\u00fcllt, chillige Wohlf\u00fchlatmosph\u00e4re breitet sich aus... Nach den gro\u00dfen Herausforderungen bei der Planung ist die 19. Auflage des beliebten Musik- und Kulturfestivals ein voller Erfolg. [&hellip;]<\/p>","protected":false},"author":10,"featured_media":3420,"comment_status":"closed","ping_status":"closed","sticky":false,"template":"","format":"standard","meta":{"_acf_changed":false,"inline_featured_image":false,"footnotes":""},"categories":[41],"tags":[],"class_list":["post-3414","post","type-post","status-publish","format-standard","has-post-thumbnail","hentry","category-community-stories"],"acf":[],"_links":{"self":[{"href":"https:\/\/vskultur.de\/en\/wp-json\/wp\/v2\/posts\/3414","targetHints":{"allow":["GET"]}}],"collection":[{"href":"https:\/\/vskultur.de\/en\/wp-json\/wp\/v2\/posts"}],"about":[{"href":"https:\/\/vskultur.de\/en\/wp-json\/wp\/v2\/types\/post"}],"author":[{"embeddable":true,"href":"https:\/\/vskultur.de\/en\/wp-json\/wp\/v2\/users\/10"}],"replies":[{"embeddable":true,"href":"https:\/\/vskultur.de\/en\/wp-json\/wp\/v2\/comments?post=3414"}],"version-history":[{"count":0,"href":"https:\/\/vskultur.de\/en\/wp-json\/wp\/v2\/posts\/3414\/revisions"}],"wp:featuredmedia":[{"embeddable":true,"href":"https:\/\/vskultur.de\/en\/wp-json\/wp\/v2\/media\/3420"}],"wp:attachment":[{"href":"https:\/\/vskultur.de\/en\/wp-json\/wp\/v2\/media?parent=3414"}],"wp:term":[{"taxonomy":"category","embeddable":true,"href":"https:\/\/vskultur.de\/en\/wp-json\/wp\/v2\/categories?post=3414"},{"taxonomy":"post_tag","embeddable":true,"href":"https:\/\/vskultur.de\/en\/wp-json\/wp\/v2\/tags?post=3414"}],"curies":[{"name":"wp","href":"https:\/\/api.w.org\/{rel}","templated":true}]}}