{"id":3390,"date":"2024-05-31T10:21:33","date_gmt":"2024-05-31T08:21:33","guid":{"rendered":"https:\/\/vskultur.de\/?p=3390"},"modified":"2025-09-26T15:26:51","modified_gmt":"2025-09-26T13:26:51","slug":"blogbeitrag-innovationsevent-vielfaeltig-und-international","status":"publish","type":"post","link":"https:\/\/vskultur.de\/en\/blogbeitrag-innovationsevent-vielfaeltig-und-international\/","title":{"rendered":"Blogbeitrag Innovationsevent \u201eVielf\u00e4ltig und International\u201c\u00a0"},"content":{"rendered":"<p>Am 22.05. fand das zweite von drei Events unserer neuen Veranstaltungsreihe, der sogenannten \u201cInnovation Talks\u201d im Creative HUB statt!\u00a0<\/p>\n\n\n\n<p>Mit der Folgeveranstaltung <strong>\u201eVielf\u00e4ltig & International\u201c<\/strong> wollten wir interessierte Menschen, Gr\u00fcnder*innen und Wissenschaftler*innen zusammenbringen, um \u00fcber die Potenziale von Vielfalt und Internationalit\u00e4t zu diskutieren.\u00a0<\/p>\n\n\n\n<p>Die Globalisierung ist l\u00e4ngst nicht mehr nur ein grenzenloser Handel von Waren und Dienstleistungen. Die Staaten und Kommunen selbst werden zunehmend internationaler, vielf\u00e4ltiger, pluralistischer. Eine Entwicklung, die oft zu einseitig betrachtet wird, denn sie birgt sowohl kurzfristige Herausforderungen als auch eine Vielzahl langfristiger Chancen und Potenziale. War vor Jahrzehnten der Begriff \u201emelting pot\u201c noch ein auf Weltmetropolen wie New York beschr\u00e4nkter begriff, mit dem wir Modernit\u00e4t, Internationalit\u00e4t und kulturelle Vielfalt mit einer gemeinsamen Identit\u00e4t verbunden haben, scheinen die Diskussion zum Thema heutzutage oft komplexit\u00e4tsreduziert. Die Multikulturalit\u00e4t und Internationalit\u00e4t unserer Gro\u00dfst\u00e4dte bietet Chancen und produziert Innovationen. Das wurde in vier spannenden Impulsvortr\u00e4gen deutlich.\u00a0<\/p>\n\n\n\n<figure class=\"wp-block-gallery has-nested-images columns-default is-cropped wp-block-gallery-1 is-layout-flex wp-block-gallery-is-layout-flex\">\n<figure class=\"wp-block-image size-large\"><img loading=\"lazy\" decoding=\"async\" width=\"1024\" height=\"683\" data-id=\"3397\" src=\"https:\/\/vskultur.de\/wp-content\/uploads\/2024\/05\/2024-05-22_Bild-018_philippeigner.com2_-1024x683.jpg\" alt=\"\" class=\"wp-image-3397\" srcset=\"https:\/\/vskultur.de\/wp-content\/uploads\/2024\/05\/2024-05-22_Bild-018_philippeigner.com2_-1024x683.jpg 1024w, https:\/\/vskultur.de\/wp-content\/uploads\/2024\/05\/2024-05-22_Bild-018_philippeigner.com2_-300x200.jpg 300w, https:\/\/vskultur.de\/wp-content\/uploads\/2024\/05\/2024-05-22_Bild-018_philippeigner.com2_-768x512.jpg 768w, https:\/\/vskultur.de\/wp-content\/uploads\/2024\/05\/2024-05-22_Bild-018_philippeigner.com2_-1536x1024.jpg 1536w, https:\/\/vskultur.de\/wp-content\/uploads\/2024\/05\/2024-05-22_Bild-018_philippeigner.com2_-2048x1366.jpg 2048w, https:\/\/vskultur.de\/wp-content\/uploads\/2024\/05\/2024-05-22_Bild-018_philippeigner.com2_-scaled.jpg 2560w\" sizes=\"auto, (max-width: 1024px) 100vw, 1024px\" \/><\/figure>\n\n\n\n<figure class=\"wp-block-image size-large\"><img loading=\"lazy\" decoding=\"async\" width=\"1024\" height=\"683\" data-id=\"3398\" src=\"https:\/\/vskultur.de\/wp-content\/uploads\/2024\/05\/2024-05-22_Bild-033_philippeigner.com1_-1024x683.jpg\" alt=\"\" class=\"wp-image-3398\" srcset=\"https:\/\/vskultur.de\/wp-content\/uploads\/2024\/05\/2024-05-22_Bild-033_philippeigner.com1_-1024x683.jpg 1024w, https:\/\/vskultur.de\/wp-content\/uploads\/2024\/05\/2024-05-22_Bild-033_philippeigner.com1_-300x200.jpg 300w, https:\/\/vskultur.de\/wp-content\/uploads\/2024\/05\/2024-05-22_Bild-033_philippeigner.com1_-768x512.jpg 768w, https:\/\/vskultur.de\/wp-content\/uploads\/2024\/05\/2024-05-22_Bild-033_philippeigner.com1_-1536x1024.jpg 1536w, https:\/\/vskultur.de\/wp-content\/uploads\/2024\/05\/2024-05-22_Bild-033_philippeigner.com1_-2048x1366.jpg 2048w, https:\/\/vskultur.de\/wp-content\/uploads\/2024\/05\/2024-05-22_Bild-033_philippeigner.com1_-scaled.jpg 2560w\" sizes=\"auto, (max-width: 1024px) 100vw, 1024px\" \/><\/figure>\n\n\n\n<figure class=\"wp-block-image size-large\"><img loading=\"lazy\" decoding=\"async\" width=\"1024\" height=\"683\" data-id=\"3399\" src=\"https:\/\/vskultur.de\/wp-content\/uploads\/2024\/05\/2024-05-22_Bild-052_philippeigner.com1_-1024x683.jpg\" alt=\"\" class=\"wp-image-3399\" srcset=\"https:\/\/vskultur.de\/wp-content\/uploads\/2024\/05\/2024-05-22_Bild-052_philippeigner.com1_-1024x683.jpg 1024w, https:\/\/vskultur.de\/wp-content\/uploads\/2024\/05\/2024-05-22_Bild-052_philippeigner.com1_-300x200.jpg 300w, https:\/\/vskultur.de\/wp-content\/uploads\/2024\/05\/2024-05-22_Bild-052_philippeigner.com1_-768x512.jpg 768w, https:\/\/vskultur.de\/wp-content\/uploads\/2024\/05\/2024-05-22_Bild-052_philippeigner.com1_-1536x1024.jpg 1536w, https:\/\/vskultur.de\/wp-content\/uploads\/2024\/05\/2024-05-22_Bild-052_philippeigner.com1_-2048x1366.jpg 2048w, https:\/\/vskultur.de\/wp-content\/uploads\/2024\/05\/2024-05-22_Bild-052_philippeigner.com1_-scaled.jpg 2560w\" sizes=\"auto, (max-width: 1024px) 100vw, 1024px\" \/><\/figure>\n<\/figure>\n\n\n\n<p>Gleich in der Er\u00f6ffnungsrede machte Carmen Emigholz (Kulturstaatsr\u00e4tin) deutlich, dass Internationalit\u00e4t und Diversit\u00e4t schon lange ein integraler Bestandteil der Bremer Identit\u00e4t und der Bremer St\u00e4rke sind - \u00fcber die Hanse bis hin zu den H\u00e4fen aber auch im Kulturbereich und im gesellschaftlichen Miteinander.\u00a0<\/p>\n\n\n\n<p>Daran kn\u00fcpfte der erste Innovation-Talk an. Jutta G\u00fcnther (Rektorin der Universit\u00e4t Bremen) referierte dar\u00fcber, dass die Uni Bremen schon an vielen Stellen sehr gut aufgestellt ist, was Internationalit\u00e4t und Vielfalt betrifft. Es gibt z.B. \u00fcber 300 Partnerhochschulen in den verschiedenen L\u00e4ndern Europas und internationale Studierende aus allen Teilen der Welt. Au\u00dferdem positioniert sich die Uni mit der \"Bremer Erkl\u00e4rung\" sowie der \"Cyprus Declaration\" deutlich pro-europ\u00e4isch und bekennt sich zu Demokratie, Vielfalt und Weltoffenheit.\u00a0<\/p>\n\n\n\n<p>F\u00fcr passende \u00dcberg\u00e4nge sorgte Bianca Marstaller, die durch den Abend moderierte.\u00a0<\/p>\n\n\n\n<p>Libuse Cerna (Leitung Globale\u00b0 Festival f\u00fcr Grenz\u00fcberschreitende Literatur) erz\u00e4hlte in ihrem Vortrag, was Bremen in verschiedensten Bereichen zu bieten hat. Aktuell vor allem bekannt f\u00fcr Weser, Werder und Weinkultur, doch damit ist noch lange nicht alles ausgesch\u00f6pft. Der Leitspruch \"buten und binnen - wagen un winnen\" zeigt deutlich Bremens Verkn\u00fcpfung zur Hanse und damit auch Bremens Internationalit\u00e4t. Schon an den bunten Vorg\u00e4rten der Bremer*innen ist zu erkennen, wie sch\u00f6n Vielf\u00e4ltigkeit in allen Bereichen ist: Ob Wisteria aus China oder Tulpen, die urspr\u00fcnglich aus der T\u00fcrkei kommen - ohne w\u00e4ren die Bremer Vorg\u00e4rten lange nicht so farbenfroh.\u00a0<\/p>\n\n\n\n<p>Obwohl Deutschland einen Fachkr\u00e4ftemangel von knapp 658.000 Personen hat, stellen wir uns nicht heterogen genug auf und machen es Personen, die herkommen wollen, sehr schwer, sagte Ikram Rimi Ikram Errahmouni-Rimi (Anti-Diskriminierungscoach). Trotz des hohen Bedarfs an Personal, nehmen viele Menschen in Deutschland Zuwanderung und Flucht als eines der gr\u00f6\u00dften politischen Probleme wahr. Sowohl durch Vorurteile, Hetze und Diskriminierung als auch durch unsere B\u00fcrokratie, in der durch schwere Sprache, komplizierte Antr\u00e4ge und verwirrende Formulierungen Barrien geschaffen werden. \u201eWir m\u00fcssen wieder anfangen, das demokratische Versprechen nach Gleichheit ernst zu nehmen. In einer pluralistischen Gesellschaft mit zunehmendem Fachkr\u00e4ftemangel kann ein progressiver und transparenter Umgang mit Diskriminierung die Wettbewerbsf\u00e4higkeit erh\u00f6hen.\u201c, so Ikram, die auch Teil der Visionskultur-Community ist.\u00a0<\/p>\n\n\n\n<figure class=\"wp-block-gallery has-nested-images columns-default is-cropped wp-block-gallery-2 is-layout-flex wp-block-gallery-is-layout-flex\">\n<figure class=\"wp-block-image size-large\"><img loading=\"lazy\" decoding=\"async\" width=\"1024\" height=\"683\" data-id=\"3401\" src=\"https:\/\/vskultur.de\/wp-content\/uploads\/2024\/05\/2024-05-22_Bild-013_philippeigner.com1_-1024x683.jpg\" alt=\"\" class=\"wp-image-3401\" srcset=\"https:\/\/vskultur.de\/wp-content\/uploads\/2024\/05\/2024-05-22_Bild-013_philippeigner.com1_-1024x683.jpg 1024w, https:\/\/vskultur.de\/wp-content\/uploads\/2024\/05\/2024-05-22_Bild-013_philippeigner.com1_-300x200.jpg 300w, https:\/\/vskultur.de\/wp-content\/uploads\/2024\/05\/2024-05-22_Bild-013_philippeigner.com1_-768x512.jpg 768w, https:\/\/vskultur.de\/wp-content\/uploads\/2024\/05\/2024-05-22_Bild-013_philippeigner.com1_-1536x1024.jpg 1536w, https:\/\/vskultur.de\/wp-content\/uploads\/2024\/05\/2024-05-22_Bild-013_philippeigner.com1_-2048x1366.jpg 2048w, https:\/\/vskultur.de\/wp-content\/uploads\/2024\/05\/2024-05-22_Bild-013_philippeigner.com1_-scaled.jpg 2560w\" sizes=\"auto, (max-width: 1024px) 100vw, 1024px\" \/><\/figure>\n\n\n\n<figure class=\"wp-block-image size-large\"><img loading=\"lazy\" decoding=\"async\" width=\"1024\" height=\"683\" data-id=\"3402\" src=\"https:\/\/vskultur.de\/wp-content\/uploads\/2024\/05\/2024-05-22_Bild-042_philippeigner.com1_-1024x683.jpg\" alt=\"\" class=\"wp-image-3402\" srcset=\"https:\/\/vskultur.de\/wp-content\/uploads\/2024\/05\/2024-05-22_Bild-042_philippeigner.com1_-1024x683.jpg 1024w, https:\/\/vskultur.de\/wp-content\/uploads\/2024\/05\/2024-05-22_Bild-042_philippeigner.com1_-300x200.jpg 300w, https:\/\/vskultur.de\/wp-content\/uploads\/2024\/05\/2024-05-22_Bild-042_philippeigner.com1_-768x512.jpg 768w, https:\/\/vskultur.de\/wp-content\/uploads\/2024\/05\/2024-05-22_Bild-042_philippeigner.com1_-1536x1024.jpg 1536w, https:\/\/vskultur.de\/wp-content\/uploads\/2024\/05\/2024-05-22_Bild-042_philippeigner.com1_-2048x1366.jpg 2048w, https:\/\/vskultur.de\/wp-content\/uploads\/2024\/05\/2024-05-22_Bild-042_philippeigner.com1_-scaled.jpg 2560w\" sizes=\"auto, (max-width: 1024px) 100vw, 1024px\" \/><\/figure>\n\n\n\n<figure class=\"wp-block-image size-large\"><img loading=\"lazy\" decoding=\"async\" width=\"1024\" height=\"683\" data-id=\"3661\" src=\"https:\/\/vskultur.de\/wp-content\/uploads\/2024\/05\/2024-05-22_Bild-032_philippeigner.com_-1024x683.jpg\" alt=\"\" class=\"wp-image-3661\" srcset=\"https:\/\/vskultur.de\/wp-content\/uploads\/2024\/05\/2024-05-22_Bild-032_philippeigner.com_-1024x683.jpg 1024w, https:\/\/vskultur.de\/wp-content\/uploads\/2024\/05\/2024-05-22_Bild-032_philippeigner.com_-300x200.jpg 300w, https:\/\/vskultur.de\/wp-content\/uploads\/2024\/05\/2024-05-22_Bild-032_philippeigner.com_-768x512.jpg 768w, https:\/\/vskultur.de\/wp-content\/uploads\/2024\/05\/2024-05-22_Bild-032_philippeigner.com_-1536x1024.jpg 1536w, https:\/\/vskultur.de\/wp-content\/uploads\/2024\/05\/2024-05-22_Bild-032_philippeigner.com_-2048x1366.jpg 2048w, https:\/\/vskultur.de\/wp-content\/uploads\/2024\/05\/2024-05-22_Bild-032_philippeigner.com_-scaled.jpg 2560w\" sizes=\"auto, (max-width: 1024px) 100vw, 1024px\" \/><\/figure>\n<\/figure>\n\n\n\n<p>Sahana Shastry (Teil von WIA-E (Women in Aerospace Europe) und \"DSi Aerospace\") erz\u00e4hlte, dass Weltraummissionen schon immer international waren und auch sein m\u00fcssen, um den komplexen Anforderungen und monet\u00e4ren Herausforderungen gerecht zu werden. Das beste Beispiel daf\u00fcr ist die Internationale Raumstation! Auch ASTRA e.V. ist vielf\u00e4ltig aufgestellt, mit Personen aus verschiedenen L\u00e4ndern, mit unterschiedlichen Hintergr\u00fcnden und aus vielen Fachbereichen. Diese bunte Mischung braucht es, um flexibel auf Probleme reagieren zu k\u00f6nnen, denn unterschiedliche Perspektiven und Kollaboration bieten kreative L\u00f6sungsans\u00e4tze. Die Stellschraube, an der es bisher noch etwas hapert, ist das Thema Geschlecht. Die Disziplin ist aktuell noch sehr m\u00e4nnlich gepr\u00e4gt, deshalb braucht es weibliche Vorbilder, die mit gutem Beispiel voran gehen, sichtbar sind und gemacht werden (so wie Sahana).\u00a0\u00a0<\/p>\n\n\n\n<p>In allen Impulsvortr\u00e4gen wurde deutlich, dass eine vielf\u00e4ltige und bunte Gesellschaft eine Bereicherung ist und in Bremen in diesem Bereich schon sehrviel passiert.\u00a0\u00a0<\/p>\n\n\n\n<p>Abschlie\u00dfend lud der HUB zum Netzwerken und Austauschen ein. Die G\u00e4ste waren bis 21:00 Uhr da und haben sich bei Getr\u00e4nken und Snacks kennengelernt und in Gespr\u00e4chen die Thesen aus den Impulsvortr\u00e4gen weiter vertieft.\u00a0<\/p>\n\n\n\n<p>Wir bedanken uns f\u00fcr die vielen informativen und interessanten Beitr\u00e4ge und freuen uns auf das n\u00e4chste Innovationsevent im September!\u00a0<\/p>\n\n\n\n<p>Senatorin f\u00fcr Wirtschaft, H\u00e4fen und Transformation, der GEWOBA, Demokratie leben!, der Sparkasse, der Concordia Stiftung und der Europ\u00e4ischen Union.<\/p>\n\n\n\n<p><strong>Background:<\/strong>\u00a0<\/p>\n\n\n\n<p>In vorherigen Veranstaltungen haben wir bereits unsere verschiedenen Clusterbereiche zusammengebracht und Vernetzungsabende entstehen lassen. Nun wollen wir mit unserer Veranstaltungsreihe \"Innovationsevents\" verschiedene Akteur*innen aus der Bremer Wirtschaft und Verwaltung, innovative Startups und Menschen mit Ideen einladen. Dabei wollen wir den Fokus auf innovative Ans\u00e4tze aus der Wirtschaft und Einblicke globaler und regionaler Trends im Bereich Klimawandel und Green economy setzen. Wir m\u00f6chten einen weiteren Ansto\u00df geben, um nachhaltige und innovative Ans\u00e4tze in der Gr\u00fcnderszene voranzutreiben und gezielt Akteure miteinanderverbinden. Wichtig ist uns verschiedene Bereiche, wie Wissenschaft, Akteur*innen, interessierte Menschen, Startups und Personen mit Ideen zusammen zu bringen, um einen nachhaltigen und gewinnbringenden Informationsaustausch entstehen zu lassen.\u00a0<\/p>\n\n\n\n<p><strong>Der n\u00e4chste Termin:<\/strong>\u00a0<\/p>\n\n\n\n<p>03.09.2024 \"Kreativ=Kapitallos=Erfolgreich\" im Creative HUB Caf\u00e9\u00a0<\/p>\n\n\n\n<p>Sei auch du dabei!\u00a0<\/p>\n\n\n\n<figure class=\"wp-block-gallery has-nested-images columns-default is-cropped wp-block-gallery-3 is-layout-flex wp-block-gallery-is-layout-flex\">\n<figure class=\"wp-block-image size-large\"><img loading=\"lazy\" decoding=\"async\" width=\"1024\" height=\"683\" data-id=\"3394\" src=\"https:\/\/vskultur.de\/wp-content\/uploads\/2024\/05\/2024-05-22_Bild-055_philippeigner.com1_-1024x683.jpg\" alt=\"\" class=\"wp-image-3394\" srcset=\"https:\/\/vskultur.de\/wp-content\/uploads\/2024\/05\/2024-05-22_Bild-055_philippeigner.com1_-1024x683.jpg 1024w, https:\/\/vskultur.de\/wp-content\/uploads\/2024\/05\/2024-05-22_Bild-055_philippeigner.com1_-300x200.jpg 300w, https:\/\/vskultur.de\/wp-content\/uploads\/2024\/05\/2024-05-22_Bild-055_philippeigner.com1_-768x512.jpg 768w, https:\/\/vskultur.de\/wp-content\/uploads\/2024\/05\/2024-05-22_Bild-055_philippeigner.com1_-1536x1024.jpg 1536w, https:\/\/vskultur.de\/wp-content\/uploads\/2024\/05\/2024-05-22_Bild-055_philippeigner.com1_-2048x1366.jpg 2048w, https:\/\/vskultur.de\/wp-content\/uploads\/2024\/05\/2024-05-22_Bild-055_philippeigner.com1_-scaled.jpg 2560w\" sizes=\"auto, (max-width: 1024px) 100vw, 1024px\" \/><\/figure>\n\n\n\n<figure class=\"wp-block-image size-large\"><img loading=\"lazy\" decoding=\"async\" width=\"1024\" height=\"683\" data-id=\"3395\" src=\"https:\/\/vskultur.de\/wp-content\/uploads\/2024\/05\/2024-05-22_Bild-060_philippeigner.com1_-1024x683.jpg\" alt=\"\" class=\"wp-image-3395\" srcset=\"https:\/\/vskultur.de\/wp-content\/uploads\/2024\/05\/2024-05-22_Bild-060_philippeigner.com1_-1024x683.jpg 1024w, https:\/\/vskultur.de\/wp-content\/uploads\/2024\/05\/2024-05-22_Bild-060_philippeigner.com1_-300x200.jpg 300w, https:\/\/vskultur.de\/wp-content\/uploads\/2024\/05\/2024-05-22_Bild-060_philippeigner.com1_-768x512.jpg 768w, https:\/\/vskultur.de\/wp-content\/uploads\/2024\/05\/2024-05-22_Bild-060_philippeigner.com1_-1536x1024.jpg 1536w, https:\/\/vskultur.de\/wp-content\/uploads\/2024\/05\/2024-05-22_Bild-060_philippeigner.com1_-2048x1366.jpg 2048w, https:\/\/vskultur.de\/wp-content\/uploads\/2024\/05\/2024-05-22_Bild-060_philippeigner.com1_-scaled.jpg 2560w\" sizes=\"auto, (max-width: 1024px) 100vw, 1024px\" \/><\/figure>\n\n\n\n<figure class=\"wp-block-image size-large\"><img loading=\"lazy\" decoding=\"async\" width=\"1024\" height=\"683\" data-id=\"3396\" src=\"https:\/\/vskultur.de\/wp-content\/uploads\/2024\/05\/2024-05-22_Bild-001_philippeigner.com1_-1024x683.jpg\" alt=\"\" class=\"wp-image-3396\" srcset=\"https:\/\/vskultur.de\/wp-content\/uploads\/2024\/05\/2024-05-22_Bild-001_philippeigner.com1_-1024x683.jpg 1024w, https:\/\/vskultur.de\/wp-content\/uploads\/2024\/05\/2024-05-22_Bild-001_philippeigner.com1_-300x200.jpg 300w, https:\/\/vskultur.de\/wp-content\/uploads\/2024\/05\/2024-05-22_Bild-001_philippeigner.com1_-768x512.jpg 768w, https:\/\/vskultur.de\/wp-content\/uploads\/2024\/05\/2024-05-22_Bild-001_philippeigner.com1_-1536x1024.jpg 1536w, https:\/\/vskultur.de\/wp-content\/uploads\/2024\/05\/2024-05-22_Bild-001_philippeigner.com1_-2048x1366.jpg 2048w, https:\/\/vskultur.de\/wp-content\/uploads\/2024\/05\/2024-05-22_Bild-001_philippeigner.com1_-scaled.jpg 2560w\" sizes=\"auto, (max-width: 1024px) 100vw, 1024px\" \/><\/figure>\n<\/figure>","protected":false},"excerpt":{"rendered":"<p>Am 22.05. fand das zweite von drei Events unserer neuen Veranstaltungsreihe, der sogenannten \u201cInnovation Talks\u201d im Creative HUB statt!\u00a0 Mit der Folgeveranstaltung \u201eVielf\u00e4ltig &#038; International\u201c wollten wir interessierte Menschen, Gr\u00fcnder*innen und Wissenschaftler*innen zusammenbringen, um \u00fcber die Potenziale von Vielfalt und Internationalit\u00e4t zu diskutieren.\u00a0 Die Globalisierung ist l\u00e4ngst nicht mehr nur ein grenzenloser Handel von Waren [&hellip;]<\/p>","protected":false},"author":10,"featured_media":3663,"comment_status":"closed","ping_status":"closed","sticky":false,"template":"","format":"standard","meta":{"_acf_changed":false,"inline_featured_image":false,"footnotes":""},"categories":[41],"tags":[],"class_list":["post-3390","post","type-post","status-publish","format-standard","has-post-thumbnail","hentry","category-community-stories"],"acf":[],"_links":{"self":[{"href":"https:\/\/vskultur.de\/en\/wp-json\/wp\/v2\/posts\/3390","targetHints":{"allow":["GET"]}}],"collection":[{"href":"https:\/\/vskultur.de\/en\/wp-json\/wp\/v2\/posts"}],"about":[{"href":"https:\/\/vskultur.de\/en\/wp-json\/wp\/v2\/types\/post"}],"author":[{"embeddable":true,"href":"https:\/\/vskultur.de\/en\/wp-json\/wp\/v2\/users\/10"}],"replies":[{"embeddable":true,"href":"https:\/\/vskultur.de\/en\/wp-json\/wp\/v2\/comments?post=3390"}],"version-history":[{"count":0,"href":"https:\/\/vskultur.de\/en\/wp-json\/wp\/v2\/posts\/3390\/revisions"}],"wp:featuredmedia":[{"embeddable":true,"href":"https:\/\/vskultur.de\/en\/wp-json\/wp\/v2\/media\/3663"}],"wp:attachment":[{"href":"https:\/\/vskultur.de\/en\/wp-json\/wp\/v2\/media?parent=3390"}],"wp:term":[{"taxonomy":"category","embeddable":true,"href":"https:\/\/vskultur.de\/en\/wp-json\/wp\/v2\/categories?post=3390"},{"taxonomy":"post_tag","embeddable":true,"href":"https:\/\/vskultur.de\/en\/wp-json\/wp\/v2\/tags?post=3390"}],"curies":[{"name":"wp","href":"https:\/\/api.w.org\/{rel}","templated":true}]}}