{"id":3266,"date":"2024-03-22T13:56:08","date_gmt":"2024-03-22T12:56:08","guid":{"rendered":"https:\/\/vskultur.de\/?p=3266"},"modified":"2025-09-26T15:26:49","modified_gmt":"2025-09-26T13:26:49","slug":"onboarding-orientierungswoche","status":"publish","type":"post","link":"https:\/\/vskultur.de\/en\/onboarding-orientierungswoche\/","title":{"rendered":"ONBOARDING &amp; ORIENTATION WEEK"},"content":{"rendered":"<p>We are pleased to announce that the first floor of the HUB has been revitalised! More than 35 innovative and creative projects were able to move in this week and enjoy a new, permanent space to work intensively on their own projects.<\/p>\n\n\n\n<p>The background to the space funding is the idea of using the Creative Hub Bremen to focus on the targeted promotion of projects, start-up projects and start-ups. With conceptual and needs-based support in networking, project support, coaching, workshops, mediation and events to promote public awareness, we accompany all projects in the Creative Hub Bremen in terms of content and needs.<\/p>\n\n\n\n<p>All winners also have the chance to collect milestones and be assigned a mentor at the end. Would you like that too? Then apply <a href=\"https:\/\/vskultur.de\/en\/accelerator-coaching-programm-meilensteine-auf-dem-weg-zu-deinem-ziel\/\">here <\/a>to the Accelerator programme!<\/p>\n\n\n\n<p>The projects moved in during the week of 18-20 March. It was turbulent in the hub!<\/p>\n\n\n\n<p>On <strong>Day 1<\/strong>\u00a0(Monday 18 March), all projects that are supported by a room in the hub were welcomed with a delicious breakfast buffet. The entire Visionskultur team was on site and introduced themselves with a presentation.<\/p>\n\n\n\n<p>Following the cosy introduction, a workshop was held in a World Caf\u00e9 format to facilitate the allocation of areas and the division of working groups.<\/p>\n\n\n\n<p>The first day was rounded off with an information session on the coaching programme.<\/p>\n\n\n\n<p>On<strong> Day 2<\/strong>\u00a0(Tuesday 19 March), a joint inspection of the first floor took place and the rooms were distributed among the projects themselves within the allocated work areas. The excitement and tension could be felt throughout the building. The projects then used the time to network, inspect the rooms and brainstorm initial ideas. They also considered topics such as the joint design of the space, agreements on similar working methods, which work tools to use and other work-related topics.<\/p>\n\n\n\n<p>On<strong> Day 3<\/strong>\u00a0(Wednesday 20 March) it got exciting!<\/p>\n\n\n\n<p>This was the day when the contract was signed and the keys handed over to the winners of the space grant.<\/p>\n\n\n\n<p>At two other stations, projects could register directly for a project support appointment and hand in a media package (photo, video, shortcuts) to the Visionskultur media team at the photo station.<\/p>\n\n\n\n<p>Immediately after receiving the keys, the projects got to work cleaning and preparing their rooms for the imminent move-in<\/p>\n\n\n\n<p>The day was a complete success!<\/p>\n\n\n\n<p><strong>Congratulations to all the winners of the Creative HUB 2024 space funding!<\/strong><\/p>\n\n\n\n<figure class=\"wp-block-gallery has-nested-images columns-default is-cropped wp-block-gallery-1 is-layout-flex wp-block-gallery-is-layout-flex\">\n<figure class=\"wp-block-image size-large\"><img loading=\"lazy\" decoding=\"async\" width=\"768\" height=\"1024\" data-id=\"3267\" src=\"https:\/\/vskultur.de\/wp-content\/uploads\/2024\/03\/Bild-20240319-094312-e83a928a-768x1024.jpeg\" alt=\"\" class=\"wp-image-3267\" srcset=\"https:\/\/vskultur.de\/wp-content\/uploads\/2024\/03\/Bild-20240319-094312-e83a928a-768x1024.jpeg 768w, https:\/\/vskultur.de\/wp-content\/uploads\/2024\/03\/Bild-20240319-094312-e83a928a-225x300.jpeg 225w, https:\/\/vskultur.de\/wp-content\/uploads\/2024\/03\/Bild-20240319-094312-e83a928a-1152x1536.jpeg 1152w, https:\/\/vskultur.de\/wp-content\/uploads\/2024\/03\/Bild-20240319-094312-e83a928a-1536x2048.jpeg 1536w, https:\/\/vskultur.de\/wp-content\/uploads\/2024\/03\/Bild-20240319-094312-e83a928a-scaled.jpeg 1920w\" sizes=\"auto, (max-width: 768px) 100vw, 768px\" \/><\/figure>\n\n\n\n<figure class=\"wp-block-image size-large\"><img loading=\"lazy\" decoding=\"async\" width=\"768\" height=\"1024\" data-id=\"3268\" src=\"https:\/\/vskultur.de\/wp-content\/uploads\/2024\/03\/Bild-20240320-092334-cb33880d-768x1024.jpeg\" alt=\"\" class=\"wp-image-3268\" srcset=\"https:\/\/vskultur.de\/wp-content\/uploads\/2024\/03\/Bild-20240320-092334-cb33880d-768x1024.jpeg 768w, https:\/\/vskultur.de\/wp-content\/uploads\/2024\/03\/Bild-20240320-092334-cb33880d-225x300.jpeg 225w, https:\/\/vskultur.de\/wp-content\/uploads\/2024\/03\/Bild-20240320-092334-cb33880d-1152x1536.jpeg 1152w, https:\/\/vskultur.de\/wp-content\/uploads\/2024\/03\/Bild-20240320-092334-cb33880d-1536x2048.jpeg 1536w, https:\/\/vskultur.de\/wp-content\/uploads\/2024\/03\/Bild-20240320-092334-cb33880d-scaled.jpeg 1920w\" sizes=\"auto, (max-width: 768px) 100vw, 768px\" \/><\/figure>\n\n\n\n<figure class=\"wp-block-image size-large\"><img loading=\"lazy\" decoding=\"async\" width=\"768\" height=\"1024\" data-id=\"3269\" src=\"https:\/\/vskultur.de\/wp-content\/uploads\/2024\/03\/Bild-20240318-084748-28e763ad-768x1024.jpeg\" alt=\"\" class=\"wp-image-3269\" srcset=\"https:\/\/vskultur.de\/wp-content\/uploads\/2024\/03\/Bild-20240318-084748-28e763ad-768x1024.jpeg 768w, https:\/\/vskultur.de\/wp-content\/uploads\/2024\/03\/Bild-20240318-084748-28e763ad-225x300.jpeg 225w, https:\/\/vskultur.de\/wp-content\/uploads\/2024\/03\/Bild-20240318-084748-28e763ad-1152x1536.jpeg 1152w, https:\/\/vskultur.de\/wp-content\/uploads\/2024\/03\/Bild-20240318-084748-28e763ad-1536x2048.jpeg 1536w, https:\/\/vskultur.de\/wp-content\/uploads\/2024\/03\/Bild-20240318-084748-28e763ad-scaled.jpeg 1920w\" sizes=\"auto, (max-width: 768px) 100vw, 768px\" \/><\/figure>\n<\/figure>","protected":false},"excerpt":{"rendered":"<p>Wir d\u00fcrfen verk\u00fcnden, dass die erste Etage im HUB wieder belebt wird! Mehr als 35 innovative und kreative Projekte durften diese Woche einziehen und erfreuen sich \u00fcber einen neuen, festen Raum zur intensiven Arbeit am eigenen Projekt. Hintergrund der Raumf\u00f6rderung ist die Idee, mit dem Creative Hub Bremen einen Schwerpunkt auf gezielte F\u00f6rderung von Projekten, [&hellip;]<\/p>","protected":false},"author":10,"featured_media":3271,"comment_status":"closed","ping_status":"closed","sticky":false,"template":"","format":"standard","meta":{"_acf_changed":false,"inline_featured_image":false,"footnotes":""},"categories":[41],"tags":[],"class_list":["post-3266","post","type-post","status-publish","format-standard","has-post-thumbnail","hentry","category-community-stories"],"acf":[],"_links":{"self":[{"href":"https:\/\/vskultur.de\/en\/wp-json\/wp\/v2\/posts\/3266","targetHints":{"allow":["GET"]}}],"collection":[{"href":"https:\/\/vskultur.de\/en\/wp-json\/wp\/v2\/posts"}],"about":[{"href":"https:\/\/vskultur.de\/en\/wp-json\/wp\/v2\/types\/post"}],"author":[{"embeddable":true,"href":"https:\/\/vskultur.de\/en\/wp-json\/wp\/v2\/users\/10"}],"replies":[{"embeddable":true,"href":"https:\/\/vskultur.de\/en\/wp-json\/wp\/v2\/comments?post=3266"}],"version-history":[{"count":0,"href":"https:\/\/vskultur.de\/en\/wp-json\/wp\/v2\/posts\/3266\/revisions"}],"wp:featuredmedia":[{"embeddable":true,"href":"https:\/\/vskultur.de\/en\/wp-json\/wp\/v2\/media\/3271"}],"wp:attachment":[{"href":"https:\/\/vskultur.de\/en\/wp-json\/wp\/v2\/media?parent=3266"}],"wp:term":[{"taxonomy":"category","embeddable":true,"href":"https:\/\/vskultur.de\/en\/wp-json\/wp\/v2\/categories?post=3266"},{"taxonomy":"post_tag","embeddable":true,"href":"https:\/\/vskultur.de\/en\/wp-json\/wp\/v2\/tags?post=3266"}],"curies":[{"name":"wp","href":"https:\/\/api.w.org\/{rel}","templated":true}]}}