{"id":3220,"date":"2024-03-11T12:20:45","date_gmt":"2024-03-11T11:20:45","guid":{"rendered":"https:\/\/vskultur.de\/?p=3220"},"modified":"2025-09-26T15:26:48","modified_gmt":"2025-09-26T13:26:48","slug":"solarmodul-in-kattenturm","status":"publish","type":"post","link":"https:\/\/vskultur.de\/en\/solarmodul-in-kattenturm\/","title":{"rendered":"Solar module in Kattenturm"},"content":{"rendered":"<p>Unser Umweltcontainer in Kattenturm hat jetzt ein Solarmodul auf dem Dach!<\/p>\n\n\n\n<p>Christian Gutsche (vom Bremer Solidarstrom) war vor Ort, um das Solarmodul zu installieren. Zuerst hat er eine Unterkonstruktion aufgebaut, auf die das Solarmodul angebracht werden konnte. Gemeinsam wurde das Solarmodul auf den Container gehoben und dann festgeschraubt. Nach knapp 2,5 Stunden war alles fertig auf dem Dach des Containers montiert<\/p>\n\n\n\n<p>Das Solarmodul ist leicht geneigt, sodass es die Sonnenstrahlen optimal \"einfangen\" kann. Von unten ist das Modul jedoch kaum zu sehen. Der erzeugte Strom wird in Zukunft durch eine Steckdose in den Container gespeist.<\/p>\n\n\n\n<figure class=\"wp-block-gallery has-nested-images columns-default is-cropped wp-block-gallery-1 is-layout-flex wp-block-gallery-is-layout-flex\">\n<figure class=\"wp-block-image size-large\"><img loading=\"lazy\" decoding=\"async\" width=\"768\" height=\"1024\" data-id=\"3221\" src=\"https:\/\/vskultur.de\/wp-content\/uploads\/2024\/03\/20240306_1145061-768x1024.jpg\" alt=\"\" class=\"wp-image-3221\" srcset=\"https:\/\/vskultur.de\/wp-content\/uploads\/2024\/03\/20240306_1145061-768x1024.jpg 768w, https:\/\/vskultur.de\/wp-content\/uploads\/2024\/03\/20240306_1145061-225x300.jpg 225w, https:\/\/vskultur.de\/wp-content\/uploads\/2024\/03\/20240306_1145061-1152x1536.jpg 1152w, https:\/\/vskultur.de\/wp-content\/uploads\/2024\/03\/20240306_1145061-1536x2048.jpg 1536w, https:\/\/vskultur.de\/wp-content\/uploads\/2024\/03\/20240306_1145061-scaled.jpg 1920w\" sizes=\"auto, (max-width: 768px) 100vw, 768px\" \/><\/figure>\n\n\n\n<figure class=\"wp-block-image size-large\"><img loading=\"lazy\" decoding=\"async\" width=\"768\" height=\"1024\" data-id=\"3222\" src=\"https:\/\/vskultur.de\/wp-content\/uploads\/2024\/03\/20240306_1132281-768x1024.jpg\" alt=\"\" class=\"wp-image-3222\" srcset=\"https:\/\/vskultur.de\/wp-content\/uploads\/2024\/03\/20240306_1132281-768x1024.jpg 768w, https:\/\/vskultur.de\/wp-content\/uploads\/2024\/03\/20240306_1132281-225x300.jpg 225w, https:\/\/vskultur.de\/wp-content\/uploads\/2024\/03\/20240306_1132281-1152x1536.jpg 1152w, https:\/\/vskultur.de\/wp-content\/uploads\/2024\/03\/20240306_1132281-1536x2048.jpg 1536w, https:\/\/vskultur.de\/wp-content\/uploads\/2024\/03\/20240306_1132281-scaled.jpg 1920w\" sizes=\"auto, (max-width: 768px) 100vw, 768px\" \/><\/figure>\n<\/figure>\n\n\n\n<p>Um zu sehen, wie viel Strom erzeugt wird, gibt es diesen Aufsatz f\u00fcr die Steckdose, der die Watt-Zahl anzeigt.\u00a0<\/p>\n\n\n\n<p>Hier ist die Website von Solidarstrom, wo nachzulesen ist, was die sonst alles machen: <a href=\"https:\/\/bremer-solidarstrom.de\/\" target=\"_blank\" rel=\"noreferrer noopener\">Startseite - Bremer SolidarStrom (bremer-solidarstrom.de)<\/a><\/p>\n\n\n\n<p>Ihr seid interessiert und wollt euch das Solarmodul vom nahen anschauen? Dann schaut doch mal vorbei und betrachtet das Modul pers\u00f6nlich am Umweltcontainer Kattenturm in der Emil-Richter-Str. 5, 28277 Bremen! \u00a0<\/p>\n\n\n\n<p>Aktuelle Angebote:<\/p>\n\n\n\n<ul class=\"wp-block-list\">\n<li>Sprechstunde bei Klimaschutz-Guide Manuela Kalnei<\/li>\n\n\n\n<li>w\u00f6chentliche Sprechstunde zur Wertstofftrennung und M\u00fcllentsorgung von der Stadtreinigung Bremen<\/li>\n\n\n\n<li>Mit Mach-Angebote<\/li>\n\n\n\n<li>In Planung: zahlreiche weitere Workshops, Angebote aus dem Quartier und Ideen andere Institutionen<\/li>\n<\/ul>\n\n\n\n<p>DU willst auch mit deinem Projekt mitmachen?<\/p>\n\n\n\n<p>Zus\u00e4tzlich steht der Container auch f\u00fcr weitere Akteure aus dem Quartier und der Visionskultur-Community zur Verf\u00fcgung. \u00dcber creativespaces@vskultur.de kann jederzeit Kontakt zum Visionskultur-Team aufgenommen werden.\u202f<\/p>\n\n\n\n<div class=\"wp-block-group\"><div class=\"wp-block-group__inner-container is-layout-constrained wp-block-group-is-layout-constrained\">\n<figure class=\"wp-block-gallery has-nested-images columns-default is-cropped wp-block-gallery-2 is-layout-flex wp-block-gallery-is-layout-flex\">\n<figure class=\"wp-block-image size-large is-style-default\"><img loading=\"lazy\" decoding=\"async\" width=\"768\" height=\"1024\" data-id=\"3227\" src=\"https:\/\/vskultur.de\/wp-content\/uploads\/2024\/03\/20240306_1129061-768x1024.jpg\" alt=\"\" class=\"wp-image-3227\" srcset=\"https:\/\/vskultur.de\/wp-content\/uploads\/2024\/03\/20240306_1129061-768x1024.jpg 768w, https:\/\/vskultur.de\/wp-content\/uploads\/2024\/03\/20240306_1129061-225x300.jpg 225w, https:\/\/vskultur.de\/wp-content\/uploads\/2024\/03\/20240306_1129061-1152x1536.jpg 1152w, https:\/\/vskultur.de\/wp-content\/uploads\/2024\/03\/20240306_1129061-1536x2048.jpg 1536w, https:\/\/vskultur.de\/wp-content\/uploads\/2024\/03\/20240306_1129061-scaled.jpg 1920w\" sizes=\"auto, (max-width: 768px) 100vw, 768px\" \/><\/figure>\n\n\n\n<figure class=\"wp-block-image size-large\"><img loading=\"lazy\" decoding=\"async\" width=\"768\" height=\"1024\" data-id=\"3228\" src=\"https:\/\/vskultur.de\/wp-content\/uploads\/2024\/03\/20240306_1148461-768x1024.jpg\" alt=\"\" class=\"wp-image-3228\" srcset=\"https:\/\/vskultur.de\/wp-content\/uploads\/2024\/03\/20240306_1148461-768x1024.jpg 768w, https:\/\/vskultur.de\/wp-content\/uploads\/2024\/03\/20240306_1148461-225x300.jpg 225w, https:\/\/vskultur.de\/wp-content\/uploads\/2024\/03\/20240306_1148461-1152x1536.jpg 1152w, https:\/\/vskultur.de\/wp-content\/uploads\/2024\/03\/20240306_1148461-1536x2048.jpg 1536w, https:\/\/vskultur.de\/wp-content\/uploads\/2024\/03\/20240306_1148461-scaled.jpg 1920w\" sizes=\"auto, (max-width: 768px) 100vw, 768px\" \/><\/figure>\n<\/figure>\n<\/div><\/div>\n\n\n\n<p><em>In Zusammenarbeit mit Energiekonsens und gef\u00f6rdert von der Gewoba, vom Quartiersmanagement, vom Beirat Obervielland und CHS Container.<\/em><\/p>\n\n\n\n<p><em>Geschrieben von Josefin Czerwonk<\/em>a<\/p>","protected":false},"excerpt":{"rendered":"<p>Our environmental container in Kattenturm now has a solar panel on the roof! Christian Gutsche (from Bremer Solidarstrom) was on site to install the solar panel. First he built a substructure on which the solar module could be mounted. Together, the solar module was lifted onto the container and then screwed in place. After just under 2.5 hours, everything was ready [...]<\/p>","protected":false},"author":10,"featured_media":3225,"comment_status":"closed","ping_status":"closed","sticky":false,"template":"","format":"standard","meta":{"_acf_changed":false,"inline_featured_image":false,"footnotes":""},"categories":[41],"tags":[],"class_list":["post-3220","post","type-post","status-publish","format-standard","has-post-thumbnail","hentry","category-community-stories"],"acf":[],"_links":{"self":[{"href":"https:\/\/vskultur.de\/en\/wp-json\/wp\/v2\/posts\/3220","targetHints":{"allow":["GET"]}}],"collection":[{"href":"https:\/\/vskultur.de\/en\/wp-json\/wp\/v2\/posts"}],"about":[{"href":"https:\/\/vskultur.de\/en\/wp-json\/wp\/v2\/types\/post"}],"author":[{"embeddable":true,"href":"https:\/\/vskultur.de\/en\/wp-json\/wp\/v2\/users\/10"}],"replies":[{"embeddable":true,"href":"https:\/\/vskultur.de\/en\/wp-json\/wp\/v2\/comments?post=3220"}],"version-history":[{"count":0,"href":"https:\/\/vskultur.de\/en\/wp-json\/wp\/v2\/posts\/3220\/revisions"}],"wp:featuredmedia":[{"embeddable":true,"href":"https:\/\/vskultur.de\/en\/wp-json\/wp\/v2\/media\/3225"}],"wp:attachment":[{"href":"https:\/\/vskultur.de\/en\/wp-json\/wp\/v2\/media?parent=3220"}],"wp:term":[{"taxonomy":"category","embeddable":true,"href":"https:\/\/vskultur.de\/en\/wp-json\/wp\/v2\/categories?post=3220"},{"taxonomy":"post_tag","embeddable":true,"href":"https:\/\/vskultur.de\/en\/wp-json\/wp\/v2\/tags?post=3220"}],"curies":[{"name":"wp","href":"https:\/\/api.w.org\/{rel}","templated":true}]}}