{"id":3060,"date":"2023-12-22T11:25:45","date_gmt":"2023-12-22T10:25:45","guid":{"rendered":"https:\/\/vskultur.de\/?p=3060"},"modified":"2025-09-26T15:26:43","modified_gmt":"2025-09-26T13:26:43","slug":"gestaltung-umweltcontainer-kattenturm","status":"publish","type":"post","link":"https:\/\/vskultur.de\/en\/gestaltung-umweltcontainer-kattenturm\/","title":{"rendered":"Design of environmental container Kattenturm"},"content":{"rendered":"<p>Es gibt Neuigkeiten in unserem Space in Kattenturm!<\/p>\n\n\n\n<p>Der Umweltcontainer ist nun endlich von au\u00dfen gestaltet und macht nun wirklich was her!<\/p>\n\n\n\n<figure class=\"wp-block-gallery has-nested-images columns-default is-cropped wp-block-gallery-1 is-layout-flex wp-block-gallery-is-layout-flex\">\n<figure class=\"wp-block-image size-large\"><img loading=\"lazy\" decoding=\"async\" width=\"1024\" height=\"473\" data-id=\"3067\" src=\"https:\/\/vskultur.de\/wp-content\/uploads\/2023\/12\/IMG-20231218-WA0006-1024x473.jpg\" alt=\"\" class=\"wp-image-3067\" srcset=\"https:\/\/vskultur.de\/wp-content\/uploads\/2023\/12\/IMG-20231218-WA0006-1024x473.jpg 1024w, https:\/\/vskultur.de\/wp-content\/uploads\/2023\/12\/IMG-20231218-WA0006-300x139.jpg 300w, https:\/\/vskultur.de\/wp-content\/uploads\/2023\/12\/IMG-20231218-WA0006-768x355.jpg 768w, https:\/\/vskultur.de\/wp-content\/uploads\/2023\/12\/IMG-20231218-WA0006-1536x710.jpg 1536w, https:\/\/vskultur.de\/wp-content\/uploads\/2023\/12\/IMG-20231218-WA0006.jpg 2048w\" sizes=\"auto, (max-width: 1024px) 100vw, 1024px\" \/><\/figure>\n\n\n\n<figure class=\"wp-block-image size-large\"><img loading=\"lazy\" decoding=\"async\" width=\"1024\" height=\"473\" data-id=\"3068\" src=\"https:\/\/vskultur.de\/wp-content\/uploads\/2023\/12\/IMG-20231218-WA0008-1024x473.jpg\" alt=\"\" class=\"wp-image-3068\" srcset=\"https:\/\/vskultur.de\/wp-content\/uploads\/2023\/12\/IMG-20231218-WA0008-1024x473.jpg 1024w, https:\/\/vskultur.de\/wp-content\/uploads\/2023\/12\/IMG-20231218-WA0008-300x139.jpg 300w, https:\/\/vskultur.de\/wp-content\/uploads\/2023\/12\/IMG-20231218-WA0008-768x355.jpg 768w, https:\/\/vskultur.de\/wp-content\/uploads\/2023\/12\/IMG-20231218-WA0008-1536x710.jpg 1536w, https:\/\/vskultur.de\/wp-content\/uploads\/2023\/12\/IMG-20231218-WA0008.jpg 2048w\" sizes=\"auto, (max-width: 1024px) 100vw, 1024px\" \/><\/figure>\n\n\n\n<figure class=\"wp-block-image size-large\"><img loading=\"lazy\" decoding=\"async\" width=\"1024\" height=\"473\" data-id=\"3069\" src=\"https:\/\/vskultur.de\/wp-content\/uploads\/2023\/12\/IMG-20231218-WA0009-1024x473.jpg\" alt=\"\" class=\"wp-image-3069\" srcset=\"https:\/\/vskultur.de\/wp-content\/uploads\/2023\/12\/IMG-20231218-WA0009-1024x473.jpg 1024w, https:\/\/vskultur.de\/wp-content\/uploads\/2023\/12\/IMG-20231218-WA0009-300x139.jpg 300w, https:\/\/vskultur.de\/wp-content\/uploads\/2023\/12\/IMG-20231218-WA0009-768x355.jpg 768w, https:\/\/vskultur.de\/wp-content\/uploads\/2023\/12\/IMG-20231218-WA0009-1536x710.jpg 1536w, https:\/\/vskultur.de\/wp-content\/uploads\/2023\/12\/IMG-20231218-WA0009.jpg 2048w\" sizes=\"auto, (max-width: 1024px) 100vw, 1024px\" \/><\/figure>\n<\/figure>\n\n\n\n<p>Der K\u00fcnstler Leon Louis Bohlsen ist Teil des Projektes \u201eHier & Door\u201c und gestaltete in der letzten Woche die L\u00e4ngst- und Stirnseite des Containers.<\/p>\n\n\n\n<p>Er ist studierter Kunsttherapeut und Kunstp\u00e4dagoge hier in Bremen. Der K\u00fcnstler L. arbeitet als freischaffender K\u00fcnstler im Feld der Malerei und Zeichnung und gemeinsam mit einem Assistenten arbeiteten Sie direkt auf dem Container.<\/p>\n\n\n\n<p>Leon und sein Assistent haben sich ein Konzept f\u00fcr die Gestaltung des Containers \u00fcberlegt und haben sich f\u00fcr eine Mischung aus Sketchup-Skizzen, Graphic Recording & Architektenzeichnung in Graut\u00f6nen & Akzenten mit verschiedenen Pastellt\u00f6nen entschieden. Daf\u00fcr nutzten Acrylfarben, MontanaCans und Lackstifte.<\/p>\n\n\n\n<p>Ziel der Gestaltungsweise ist, dass Menschen zum Stehenbleiben & Nachdenken anregen werden und auf den Klimawandel und dessen Auswirkungen aufmerksam machen.<\/p>\n\n\n\n<figure class=\"wp-block-gallery has-nested-images columns-default is-cropped wp-block-gallery-2 is-layout-flex wp-block-gallery-is-layout-flex\">\n<figure class=\"wp-block-image size-large\"><img loading=\"lazy\" decoding=\"async\" width=\"1024\" height=\"473\" data-id=\"3064\" src=\"https:\/\/vskultur.de\/wp-content\/uploads\/2023\/12\/IMG-20231218-WA0002-1024x473.jpg\" alt=\"\" class=\"wp-image-3064\" srcset=\"https:\/\/vskultur.de\/wp-content\/uploads\/2023\/12\/IMG-20231218-WA0002-1024x473.jpg 1024w, https:\/\/vskultur.de\/wp-content\/uploads\/2023\/12\/IMG-20231218-WA0002-300x139.jpg 300w, https:\/\/vskultur.de\/wp-content\/uploads\/2023\/12\/IMG-20231218-WA0002-768x355.jpg 768w, https:\/\/vskultur.de\/wp-content\/uploads\/2023\/12\/IMG-20231218-WA0002-1536x710.jpg 1536w, https:\/\/vskultur.de\/wp-content\/uploads\/2023\/12\/IMG-20231218-WA0002.jpg 2048w\" sizes=\"auto, (max-width: 1024px) 100vw, 1024px\" \/><\/figure>\n\n\n\n<figure class=\"wp-block-image size-large\"><img loading=\"lazy\" decoding=\"async\" width=\"1024\" height=\"473\" data-id=\"3071\" src=\"https:\/\/vskultur.de\/wp-content\/uploads\/2023\/12\/IMG-20231218-WA0012-1024x473.jpg\" alt=\"\" class=\"wp-image-3071\" srcset=\"https:\/\/vskultur.de\/wp-content\/uploads\/2023\/12\/IMG-20231218-WA0012-1024x473.jpg 1024w, https:\/\/vskultur.de\/wp-content\/uploads\/2023\/12\/IMG-20231218-WA0012-300x139.jpg 300w, https:\/\/vskultur.de\/wp-content\/uploads\/2023\/12\/IMG-20231218-WA0012-768x355.jpg 768w, https:\/\/vskultur.de\/wp-content\/uploads\/2023\/12\/IMG-20231218-WA0012-1536x710.jpg 1536w, https:\/\/vskultur.de\/wp-content\/uploads\/2023\/12\/IMG-20231218-WA0012.jpg 2048w\" sizes=\"auto, (max-width: 1024px) 100vw, 1024px\" \/><\/figure>\n\n\n\n<figure class=\"wp-block-image size-large\"><img loading=\"lazy\" decoding=\"async\" width=\"1024\" height=\"473\" data-id=\"3066\" src=\"https:\/\/vskultur.de\/wp-content\/uploads\/2023\/12\/IMG-20231218-WA0005-1024x473.jpg\" alt=\"\" class=\"wp-image-3066\" srcset=\"https:\/\/vskultur.de\/wp-content\/uploads\/2023\/12\/IMG-20231218-WA0005-1024x473.jpg 1024w, https:\/\/vskultur.de\/wp-content\/uploads\/2023\/12\/IMG-20231218-WA0005-300x139.jpg 300w, https:\/\/vskultur.de\/wp-content\/uploads\/2023\/12\/IMG-20231218-WA0005-768x355.jpg 768w, https:\/\/vskultur.de\/wp-content\/uploads\/2023\/12\/IMG-20231218-WA0005-1536x710.jpg 1536w, https:\/\/vskultur.de\/wp-content\/uploads\/2023\/12\/IMG-20231218-WA0005.jpg 2048w\" sizes=\"auto, (max-width: 1024px) 100vw, 1024px\" \/><\/figure>\n<\/figure>\n\n\n\n<p>Erg\u00e4nzend zu der Au\u00dfengestaltung des Containers gestalten die 5. & 6. Klasse des Gymnasiums Links der Weser im Januar mobile W\u00e4nde, welche dann im Container aufgestellt werden. Au\u00dferdem werden mehrere Hochbeete nach dem Urban Gardening Prinzip in Kooperation mit Jutta Dreyer (Blumenfee KTM) und dem B\u00fcrgerhaus Obervieland im Fr\u00fchjahr\u00a0gepflanzt.<\/p>\n\n\n\n<p>Erste Stimmen aus dem Stadtteil, w\u00e4hrend des Prozesses, sind durchweg positiv ausgefallen! Die Art der Gestaltung l\u00e4dt zum \u201egenaueren Hinsehen\u201c ein.\u00a0<\/p>\n\n\n\n<p>Ihr seid interessiert und wollt auch mal genauer hinsehen? Dann schaut doch mal vorbei und betrachtet das Kunstwerk pers\u00f6nlich am Umweltcontainer Kattenturm in der Emil-Richter-Str. 5, 28277 Bremen! \u00a0<\/p>\n\n\n\n<p>Aktuelle Angebote:<\/p>\n\n\n\n<ul class=\"wp-block-list\">\n<li>Sprechstunde bei Klimaschutz-Guide Manuela Kalnei<\/li>\n\n\n\n<li>w\u00f6chentliche Sprechstunde zur Wertstofftrennung und M\u00fcllentsorgung von der Stadtreinigung Bremen<\/li>\n\n\n\n<li>Mit Mach-Angebote<\/li>\n\n\n\n<li>In Planung: zahlreiche weitere Workshops, Angebote aus dem Quartier und Ideen andere Institutionen<\/li>\n<\/ul>\n\n\n\n<p>DU willst auch mit deinem Projekt mitmachen?<\/p>\n\n\n\n<p>Zus\u00e4tzlich steht der Container auch f\u00fcr weitere Akteure aus dem Quartier und der Visionskultur-Community zur Verf\u00fcgung. \u00dcber creativespaces@vskultur.de kann jederzeit Kontakt zum Visionskultur-Team aufgenommen werden.\u202f<\/p>\n\n\n\n<p><em>In Zusammenarbeit mit Energiekonsens und gef\u00f6rdert von der Gewoba, vom Quartiersmanagement, vom Beirat Obervielland und CHS Container. <\/em><\/p>\n\n\n\n<p><em>Geschrieben von Josefin Czerwonk<\/em>a<\/p>","protected":false},"excerpt":{"rendered":"<p>Es gibt Neuigkeiten in unserem Space in Kattenturm! Der Umweltcontainer ist nun endlich von au\u00dfen gestaltet und macht nun wirklich was her! Der K\u00fcnstler Leon Louis Bohlsen ist Teil des Projektes \u201eHier &#038; Door\u201c und gestaltete in der letzten Woche die L\u00e4ngst- und Stirnseite des Containers. Er ist studierter Kunsttherapeut und Kunstp\u00e4dagoge hier in Bremen. [&hellip;]<\/p>","protected":false},"author":10,"featured_media":3061,"comment_status":"closed","ping_status":"closed","sticky":false,"template":"","format":"standard","meta":{"_acf_changed":false,"inline_featured_image":false,"footnotes":""},"categories":[1],"tags":[],"class_list":["post-3060","post","type-post","status-publish","format-standard","has-post-thumbnail","hentry","category-ankuendigungen"],"acf":[],"_links":{"self":[{"href":"https:\/\/vskultur.de\/en\/wp-json\/wp\/v2\/posts\/3060","targetHints":{"allow":["GET"]}}],"collection":[{"href":"https:\/\/vskultur.de\/en\/wp-json\/wp\/v2\/posts"}],"about":[{"href":"https:\/\/vskultur.de\/en\/wp-json\/wp\/v2\/types\/post"}],"author":[{"embeddable":true,"href":"https:\/\/vskultur.de\/en\/wp-json\/wp\/v2\/users\/10"}],"replies":[{"embeddable":true,"href":"https:\/\/vskultur.de\/en\/wp-json\/wp\/v2\/comments?post=3060"}],"version-history":[{"count":0,"href":"https:\/\/vskultur.de\/en\/wp-json\/wp\/v2\/posts\/3060\/revisions"}],"wp:featuredmedia":[{"embeddable":true,"href":"https:\/\/vskultur.de\/en\/wp-json\/wp\/v2\/media\/3061"}],"wp:attachment":[{"href":"https:\/\/vskultur.de\/en\/wp-json\/wp\/v2\/media?parent=3060"}],"wp:term":[{"taxonomy":"category","embeddable":true,"href":"https:\/\/vskultur.de\/en\/wp-json\/wp\/v2\/categories?post=3060"},{"taxonomy":"post_tag","embeddable":true,"href":"https:\/\/vskultur.de\/en\/wp-json\/wp\/v2\/tags?post=3060"}],"curies":[{"name":"wp","href":"https:\/\/api.w.org\/{rel}","templated":true}]}}