{"id":3002,"date":"2023-12-18T13:52:57","date_gmt":"2023-12-18T12:52:57","guid":{"rendered":"https:\/\/vskultur.de\/?p=3002"},"modified":"2025-09-26T15:26:42","modified_gmt":"2025-09-26T13:26:42","slug":"fast-forward-preisverleihung","status":"publish","type":"post","link":"https:\/\/vskultur.de\/en\/fast-forward-preisverleihung\/","title":{"rendered":"Fast Forward Award Ceremony"},"content":{"rendered":"<p>Die Fast Forward Preisverleihung fand am Montag, denn 11. Dezember 2023 im Kreativzentrum Creative HUB statt.<\/p>\n\n\n\n<p>Vergeben wurde eine 12-monatige finanzielle F\u00f6rderung in Form eines Stipendiums von insgesamt 10.000 Euro, sowie drei Auszeichnungen in H\u00f6he von einmalig 1.000,00 Euro.<\/p>\n\n\n\n<p><strong>Hintergrund des Stipendiums:<\/strong><\/p>\n\n\n\n<p>Das Stipendium soll einen zus\u00e4tzlichen Impuls zur F\u00f6rderung der Bremer Kunstszene bieten und dem\/der Gewinner\/in erm\u00f6glichen, neue Ideen zu entwickeln, sich auf neue Vorhaben zu konzentrieren oder bestehende Projekte erfolgreich abzuschlie\u00dfen. Das Stipendium richtete sich an bildende K\u00fcnstler\/innen und kann sowohl f\u00fcr die Entwicklung als auch f\u00fcr die Fortf\u00fchrung oder Finalisierung eines Projekts genutzt werden. Im Vordergrund des Stipendiums steht die Unterst\u00fctzung von talentierten K\u00fcnstler\/innen aus Bremen.<\/p>\n\n\n\n<p>Nayra Kl\u00f6pper (Visionskultur): <em>\u201eMit dem Fast Forward Stipendium, wollen wir jungen K\u00fcnstler*innen die Chance erm\u00f6glichen, ihre Kunst \u201evorzuspulen\u201c.\u201c<\/em><\/p>\n\n\n\n<p>Das Fast Forward Stipendium wurde erm\u00f6glicht durch die gro\u00dfz\u00fcgige Spende einer Bremer Stifterfamilie und vergeben von Visionskultur.<\/p>\n\n\n\n<p>Ausgew\u00e4hlt wurden die Gewinner*innen aus insgesamt 70 eingegangenen Bewerbungen.\u00a0<\/p>\n\n\n\n<p><strong>Mit einer Urkunde und Laudation wurden folgende Gewinner*innen gek\u00fcrt:<\/strong><\/p>\n\n\n\n<p>Stipendium: Nicole Benewaah!<\/p>\n\n\n\n<p>Sie ist Fotografin und gewann die Stimmen der Jury durch ihre Fotoserie mit Menschen afrikanischer Herkunft, die nach Deutschland migriert sind und hier ein zweites Zuhause gefunden haben.<\/p>\n\n\n\n<p>Sie sagte dazu:<em> \u201eEs ist eine unglaubliche Ehre das Fast Forward Stipendium zu bekommen! Gerade nun in der doch schwierigen Zeit erm\u00f6glicht das Fast Forward Stipendium einen Auftrieb und bietet neue Vernetzungsm\u00f6glichkeiten und begleitet die Projekte\/Werke mit der Podiumsdiskussion als Zwischenstopp und der Ausstellung am Ende des Jahres.\u201c<\/em><\/p>\n\n\n\n<p>F\u00fcr eine Auszeichnung wurde Markus Keuler gek\u00fcrt! Er ist Bildhauer und baut Skulpturen von Menschen mit Down-Syndrome, mit dem Schwerpunkt an der Begegnung zwischen Betrachter*in und Skulptur. Seine Skulpturen sind atemberaubend.<\/p>\n\n\n\n<p><em>\u201eDas Fast Forward Stipendium ist eine gro\u00dfartige Sache! Vielen Dank f\u00fcr die Stiftung<\/em>!\u201c,<\/p>\n\n\n\n<p>so Markus K.<\/p>\n\n\n\n<p>Die K\u00fcnstlerin Nanja Heid wurde ebenfalls mit einer Auszeichnung gek\u00fcrt. Sie stellt N\u00e4hmaschinenzeichnungen und Bildskulpturen her. Mitt der N\u00e4hmaschine n\u00e4ht sie eine gro\u00dfe Bildskulptur, die frei im Raum h\u00e4ngt und im Dialog mit Raum, Licht und Betrachter*in steht.<\/p>\n\n\n\n<p><em>\u201eVielen Dank an die Jury und an die F\u00f6rder*innen. Ich freu mich sehr \u00fcber die Auszeichnung und bin dankbar f\u00fcr die Wertsch\u00e4tzung und Unterst\u00fctzung meiner Arbeit. F\u00fcr das n\u00e4chste Jahr plane ich mit der N\u00e4hmaschine eine gro\u00dfe Bildskulptur zu n\u00e4hen, die im Dialog steht mit Raum, Licht und Betrachter*innen.\u201c<\/em> Erkl\u00e4rte Sie in einem pers\u00f6nlichen Gespr\u00e4ch.<\/p>\n\n\n\n<p>Die dritte und letzte Auszeichnung ging an Mari Lena Rapprich. Sie ist Zeichnerin und Weberin und m\u00f6chte sich mit dem Rechercheprojekt<em> \u201eweaving\u201c <\/em>auf die Spuren der Analogie des Zeichnens und Webens begeben und dies audiovisuell untersuchen.<\/p>\n\n\n\n<p>Wir w\u00fcnschen allen Gewinner*innen viel Erfolg mit ihren Projekten und freuen uns, bei der Podiumsdiskussion als Zwischenstopp des Stipendiums alle wiederzusehen. Auch m\u00f6chten wir jetzt schon die Ausstellung am Ende des n\u00e4chsten Jahres ank\u00fcndigen, bei der alle herzlich eingeladen sind!<\/p>\n\n\n\n<div class=\"wp-block-group\"><div class=\"wp-block-group__inner-container is-layout-constrained wp-block-group-is-layout-constrained\">\n<figure class=\"wp-block-gallery has-nested-images columns-default is-cropped wp-block-gallery-1 is-layout-flex wp-block-gallery-is-layout-flex\">\n<figure class=\"wp-block-image size-large\"><img loading=\"lazy\" decoding=\"async\" width=\"683\" height=\"1024\" data-id=\"3011\" src=\"https:\/\/vskultur.de\/wp-content\/uploads\/2023\/12\/Pressefoto-FF-Kunstwerk-683x1024.jpg\" alt=\"\" class=\"wp-image-3011\" srcset=\"https:\/\/vskultur.de\/wp-content\/uploads\/2023\/12\/Pressefoto-FF-Kunstwerk-683x1024.jpg 683w, https:\/\/vskultur.de\/wp-content\/uploads\/2023\/12\/Pressefoto-FF-Kunstwerk-200x300.jpg 200w, https:\/\/vskultur.de\/wp-content\/uploads\/2023\/12\/Pressefoto-FF-Kunstwerk-768x1152.jpg 768w, https:\/\/vskultur.de\/wp-content\/uploads\/2023\/12\/Pressefoto-FF-Kunstwerk-1024x1536.jpg 1024w, https:\/\/vskultur.de\/wp-content\/uploads\/2023\/12\/Pressefoto-FF-Kunstwerk-1365x2048.jpg 1365w, https:\/\/vskultur.de\/wp-content\/uploads\/2023\/12\/Pressefoto-FF-Kunstwerk-scaled.jpg 1707w\" sizes=\"auto, (max-width: 683px) 100vw, 683px\" \/><\/figure>\n\n\n\n<figure class=\"wp-block-image size-large\"><img loading=\"lazy\" decoding=\"async\" width=\"683\" height=\"1024\" data-id=\"3013\" src=\"https:\/\/vskultur.de\/wp-content\/uploads\/2023\/12\/Pressefoto-FF-Urkunde-1-683x1024.jpg\" alt=\"\" class=\"wp-image-3013\" srcset=\"https:\/\/vskultur.de\/wp-content\/uploads\/2023\/12\/Pressefoto-FF-Urkunde-1-683x1024.jpg 683w, https:\/\/vskultur.de\/wp-content\/uploads\/2023\/12\/Pressefoto-FF-Urkunde-1-200x300.jpg 200w, https:\/\/vskultur.de\/wp-content\/uploads\/2023\/12\/Pressefoto-FF-Urkunde-1-768x1152.jpg 768w, https:\/\/vskultur.de\/wp-content\/uploads\/2023\/12\/Pressefoto-FF-Urkunde-1-1024x1536.jpg 1024w, https:\/\/vskultur.de\/wp-content\/uploads\/2023\/12\/Pressefoto-FF-Urkunde-1-1365x2048.jpg 1365w, https:\/\/vskultur.de\/wp-content\/uploads\/2023\/12\/Pressefoto-FF-Urkunde-1-scaled.jpg 1707w\" sizes=\"auto, (max-width: 683px) 100vw, 683px\" \/><\/figure>\n<\/figure>\n<\/div><\/div>\n\n\n\n<p>Auf dem Foto mit der Gewinnerin Nicole Benewaah ist Bettina Pelz (HFK) zu sehen, die ein Teil der Jury ist.<\/p>\n\n\n\n<figure class=\"wp-block-image size-large\"><img loading=\"lazy\" decoding=\"async\" width=\"1024\" height=\"683\" src=\"https:\/\/vskultur.de\/wp-content\/uploads\/2023\/12\/Pressefoto-FF-Gruppenbild-1-1-1024x683.jpg\" alt=\"\" class=\"wp-image-3014\" srcset=\"https:\/\/vskultur.de\/wp-content\/uploads\/2023\/12\/Pressefoto-FF-Gruppenbild-1-1-1024x683.jpg 1024w, https:\/\/vskultur.de\/wp-content\/uploads\/2023\/12\/Pressefoto-FF-Gruppenbild-1-1-300x200.jpg 300w, https:\/\/vskultur.de\/wp-content\/uploads\/2023\/12\/Pressefoto-FF-Gruppenbild-1-1-768x512.jpg 768w, https:\/\/vskultur.de\/wp-content\/uploads\/2023\/12\/Pressefoto-FF-Gruppenbild-1-1-1536x1024.jpg 1536w, https:\/\/vskultur.de\/wp-content\/uploads\/2023\/12\/Pressefoto-FF-Gruppenbild-1-1-2048x1365.jpg 2048w, https:\/\/vskultur.de\/wp-content\/uploads\/2023\/12\/Pressefoto-FF-Gruppenbild-1-1-scaled.jpg 2560w\" sizes=\"auto, (max-width: 1024px) 100vw, 1024px\" \/><\/figure>\n\n\n\n<p>Fragen der Presse zu Fast Forward k\u00f6nnen gerichtet werden an:<\/p>\n\n\n\n<p>Josefin Czerwonka\u00a0<\/p>\n\n\n\n<p>PR\/Presse\u00a0(Media-Team)<\/p>\n\n\n\n<p>Tel. 0176\/ 32193787<\/p>\n\n\n\n<p>Mail: josefin@vskultur.de<\/p>","protected":false},"excerpt":{"rendered":"<p>Die Fast Forward Preisverleihung fand am Montag, denn 11. Dezember 2023 im Kreativzentrum Creative HUB statt. Vergeben wurde eine 12-monatige finanzielle F\u00f6rderung in Form eines Stipendiums von insgesamt 10.000 Euro, sowie drei Auszeichnungen in H\u00f6he von einmalig 1.000,00 Euro. Hintergrund des Stipendiums: Das Stipendium soll einen zus\u00e4tzlichen Impuls zur F\u00f6rderung der Bremer Kunstszene bieten und [&hellip;]<\/p>","protected":false},"author":10,"featured_media":2737,"comment_status":"closed","ping_status":"closed","sticky":false,"template":"","format":"standard","meta":{"_acf_changed":false,"inline_featured_image":false,"footnotes":""},"categories":[41],"tags":[],"class_list":["post-3002","post","type-post","status-publish","format-standard","has-post-thumbnail","hentry","category-community-stories"],"acf":[],"_links":{"self":[{"href":"https:\/\/vskultur.de\/en\/wp-json\/wp\/v2\/posts\/3002","targetHints":{"allow":["GET"]}}],"collection":[{"href":"https:\/\/vskultur.de\/en\/wp-json\/wp\/v2\/posts"}],"about":[{"href":"https:\/\/vskultur.de\/en\/wp-json\/wp\/v2\/types\/post"}],"author":[{"embeddable":true,"href":"https:\/\/vskultur.de\/en\/wp-json\/wp\/v2\/users\/10"}],"replies":[{"embeddable":true,"href":"https:\/\/vskultur.de\/en\/wp-json\/wp\/v2\/comments?post=3002"}],"version-history":[{"count":0,"href":"https:\/\/vskultur.de\/en\/wp-json\/wp\/v2\/posts\/3002\/revisions"}],"wp:featuredmedia":[{"embeddable":true,"href":"https:\/\/vskultur.de\/en\/wp-json\/wp\/v2\/media\/2737"}],"wp:attachment":[{"href":"https:\/\/vskultur.de\/en\/wp-json\/wp\/v2\/media?parent=3002"}],"wp:term":[{"taxonomy":"category","embeddable":true,"href":"https:\/\/vskultur.de\/en\/wp-json\/wp\/v2\/categories?post=3002"},{"taxonomy":"post_tag","embeddable":true,"href":"https:\/\/vskultur.de\/en\/wp-json\/wp\/v2\/tags?post=3002"}],"curies":[{"name":"wp","href":"https:\/\/api.w.org\/{rel}","templated":true}]}}