{"id":2826,"date":"2023-11-03T13:39:26","date_gmt":"2023-11-03T12:39:26","guid":{"rendered":"https:\/\/vskultur.de\/?p=2826"},"modified":"2025-09-26T15:26:40","modified_gmt":"2025-09-26T13:26:40","slug":"explore-mach-mit-eventrueckblick","status":"publish","type":"post","link":"https:\/\/vskultur.de\/en\/explore-mach-mit-eventrueckblick\/","title":{"rendered":"Explore! - Mach mit! Eventr\u00fcckblick"},"content":{"rendered":"<p>Am 01.10. war es trubelig im Creative Hub!<\/p>\n\n\n\n<p>Von 15 bis 20 Uhr floss bei unserem Event<strong> \u201eExplore! - Mach mit!\u201c<\/strong> die Kreativit\u00e4t, w\u00e4hrend die Themen Kunst, Kultur und soziale Entwicklung bei den Angeboten und Workshops im Vordergrund standen.<\/p>\n\n\n\n<p>Zig Projekte aus unserer Community sind zusammengekommen und haben die Vielfalt ihrer Angebote und die Kreativit\u00e4t ihrer Projektepr\u00e4sentiert.<\/p>\n\n\n\n<p>In Workshops wurden neue Skills erworben und Leidenschaften entfacht.<\/p>\n\n\n\n<p>So gab es einen N\u00e4hkurs, bei dem Teilnehmer*innen sich mit den Grundlagen der N\u00e4hmaschine vertraut machen k\u00f6nnen und bei dem Origami-Stand, konnten die Fingerfertigkeiten bei den Falttechniken verinnerlicht werden.<\/p>\n\n\n\n<p>Du interessierst dich f\u00fcr Fotografie?<\/p>\n\n\n\n<p>Dann w\u00e4ren die Fotostation und der Photoshop-Workshop genau das richtige f\u00fcr dich gewesen! Denn hier konntest du von Profis lernen, wie du das perfekte Portrait schie\u00dfen kannst und auch, wie Photoshop funktioniert und welche genialen Funktionen diese App verbirgt.<\/p>\n\n\n\n<p>F\u00fcr die kreativen K\u00f6pfe unter uns war der Fototransfertechnik-Workshop die Kirsche auf der Sahnetorte! Dort konnten Interessierte lernen, wie man Fotos z.B. auf Holz \u00fcbertr\u00e4gt und diese Kunstwerke auch k\u00e4uflich erwerben. Wem das noch nicht genug kreativer Fluss war, konnte sich beim Anf\u00e4ngerkurs f\u00fcr \u00d6l-Farben auf Leinwand kreativ austoben oder am Schauspielkurs teilnehmen und in eine andere Rolle schl\u00fcpfen.<\/p>\n\n\n\n<p>Und f\u00fcr die kleinsten wurde auch gesorgt, es gab eine Bastelrunde f\u00fcr und mit Kindern, bei denen einmalige Kunstwerke entstanden sind.<\/p>\n\n\n\n<div class=\"wp-block-columns is-layout-flex wp-container-core-columns-is-layout-9d6595d7 wp-block-columns-is-layout-flex\">\n<div class=\"wp-block-column is-layout-flow wp-block-column-is-layout-flow\" style=\"flex-basis:100%\">\n<div class=\"wp-block-group\"><div class=\"wp-block-group__inner-container is-layout-constrained wp-block-group-is-layout-constrained\">\n<figure class=\"wp-block-gallery has-nested-images columns-default is-cropped wp-block-gallery-1 is-layout-flex wp-block-gallery-is-layout-flex\">\n<figure class=\"wp-block-image size-large\"><img loading=\"lazy\" decoding=\"async\" width=\"1024\" height=\"683\" data-id=\"2836\" src=\"https:\/\/vskultur.de\/wp-content\/uploads\/2023\/11\/116_philippeigner.com1_-2-1024x683.jpg\" alt=\"\" class=\"wp-image-2836\" srcset=\"https:\/\/vskultur.de\/wp-content\/uploads\/2023\/11\/116_philippeigner.com1_-2-1024x683.jpg 1024w, https:\/\/vskultur.de\/wp-content\/uploads\/2023\/11\/116_philippeigner.com1_-2-300x200.jpg 300w, https:\/\/vskultur.de\/wp-content\/uploads\/2023\/11\/116_philippeigner.com1_-2-768x512.jpg 768w, https:\/\/vskultur.de\/wp-content\/uploads\/2023\/11\/116_philippeigner.com1_-2-1536x1024.jpg 1536w, https:\/\/vskultur.de\/wp-content\/uploads\/2023\/11\/116_philippeigner.com1_-2-2048x1366.jpg 2048w, https:\/\/vskultur.de\/wp-content\/uploads\/2023\/11\/116_philippeigner.com1_-2-scaled.jpg 2560w\" sizes=\"auto, (max-width: 1024px) 100vw, 1024px\" \/><\/figure>\n<\/figure>\n<\/div><\/div>\n<\/div>\n<\/div>\n\n\n\n<p>Zus\u00e4tzlich gab es den ganzen Tag einen arabischen B\u00fccherflohmarkt, bei dem jede*r noch so kleine B\u00fccherwurm f\u00fcndig wurde und ein reichhaltiges Buffet mit K\u00f6stlichkeiten aus der ganzen Welt.<\/p>\n\n\n\n<p>Ronald Philipps hielt in der Abendd\u00e4mmerung noch einen interessanten Vortrag \u00fcber \u201eTiny Forest\u201c, bei dem er erkl\u00e4rte, dass kleine Waldanpflanzungen in St\u00e4dten eine ganze Reihe von positiven Effekten haben.<\/p>\n\n\n\n<p>Um den gelungenen Event-Tag ausklingen zu lassen, konnten alle an einem Tango-Tanzkurs teilnehmen und im Anschluss einem Chor Auftritt und live Piano Musik lauschen.<\/p>\n\n\n\n<p>Ziel des Events war es, verschiedenen Gr\u00fcnder*innen, Vereinen und Kulturinitiativen eine M\u00f6glichkeit zu bieten sich und ihre Arbeit zu pr\u00e4sentieren. Denn neben der F\u00f6rderung und Begleitung der einzelnen Projekte und Gr\u00fcnder*innen geh\u00f6rt die \u00d6ffnung des Creative Hub f\u00fcr Interessierte aus der ganzen Stadt zu den Zielsetzungen unserer Veranstaltungen.<\/p>\n\n\n\n<p>Wir freuen uns bei Events immer wieder, altbekannte und neue Gesichter zu sehen zu bekommen. Bist du n\u00e4chstes Mal auch dabei?<\/p>\n\n\n\n<hr class=\"wp-block-separator has-alpha-channel-opacity\"\/>\n\n\n\n<p><em>geschrieben von Josefin Czerwonka<\/em><\/p>\n\n\n\n<figure class=\"wp-block-gallery has-nested-images columns-default is-cropped wp-block-gallery-2 is-layout-flex wp-block-gallery-is-layout-flex\">\n<figure class=\"wp-block-image size-large\"><img loading=\"lazy\" decoding=\"async\" width=\"1024\" height=\"683\" data-id=\"2835\" src=\"https:\/\/vskultur.de\/wp-content\/uploads\/2023\/11\/123_philippeigner.com1_-1024x683.jpg\" alt=\"\" class=\"wp-image-2835\" srcset=\"https:\/\/vskultur.de\/wp-content\/uploads\/2023\/11\/123_philippeigner.com1_-1024x683.jpg 1024w, https:\/\/vskultur.de\/wp-content\/uploads\/2023\/11\/123_philippeigner.com1_-300x200.jpg 300w, https:\/\/vskultur.de\/wp-content\/uploads\/2023\/11\/123_philippeigner.com1_-768x512.jpg 768w, https:\/\/vskultur.de\/wp-content\/uploads\/2023\/11\/123_philippeigner.com1_-1536x1024.jpg 1536w, https:\/\/vskultur.de\/wp-content\/uploads\/2023\/11\/123_philippeigner.com1_-2048x1366.jpg 2048w, https:\/\/vskultur.de\/wp-content\/uploads\/2023\/11\/123_philippeigner.com1_-scaled.jpg 2560w\" sizes=\"auto, (max-width: 1024px) 100vw, 1024px\" \/><\/figure>\n<\/figure>\n\n\n\n<p><\/p>\n\n\n\n<figure class=\"wp-block-gallery has-nested-images columns-default is-cropped wp-block-gallery-3 is-layout-flex wp-block-gallery-is-layout-flex\">\n<figure class=\"wp-block-image size-large\"><img loading=\"lazy\" decoding=\"async\" width=\"1024\" height=\"683\" data-id=\"2829\" src=\"https:\/\/vskultur.de\/wp-content\/uploads\/2023\/11\/100_philippeigner.com1_-1024x683.jpg\" alt=\"\" class=\"wp-image-2829\" srcset=\"https:\/\/vskultur.de\/wp-content\/uploads\/2023\/11\/100_philippeigner.com1_-1024x683.jpg 1024w, https:\/\/vskultur.de\/wp-content\/uploads\/2023\/11\/100_philippeigner.com1_-300x200.jpg 300w, https:\/\/vskultur.de\/wp-content\/uploads\/2023\/11\/100_philippeigner.com1_-768x512.jpg 768w, https:\/\/vskultur.de\/wp-content\/uploads\/2023\/11\/100_philippeigner.com1_-1536x1024.jpg 1536w, https:\/\/vskultur.de\/wp-content\/uploads\/2023\/11\/100_philippeigner.com1_-2048x1366.jpg 2048w, https:\/\/vskultur.de\/wp-content\/uploads\/2023\/11\/100_philippeigner.com1_-scaled.jpg 2560w\" sizes=\"auto, (max-width: 1024px) 100vw, 1024px\" \/><\/figure>\n\n\n\n<figure class=\"wp-block-image size-large\"><img loading=\"lazy\" decoding=\"async\" width=\"1024\" height=\"683\" data-id=\"2833\" src=\"https:\/\/vskultur.de\/wp-content\/uploads\/2023\/11\/019_philippeigner.com1_-1024x683.jpg\" alt=\"\" class=\"wp-image-2833\" srcset=\"https:\/\/vskultur.de\/wp-content\/uploads\/2023\/11\/019_philippeigner.com1_-1024x683.jpg 1024w, https:\/\/vskultur.de\/wp-content\/uploads\/2023\/11\/019_philippeigner.com1_-300x200.jpg 300w, https:\/\/vskultur.de\/wp-content\/uploads\/2023\/11\/019_philippeigner.com1_-768x512.jpg 768w, https:\/\/vskultur.de\/wp-content\/uploads\/2023\/11\/019_philippeigner.com1_-1536x1024.jpg 1536w, https:\/\/vskultur.de\/wp-content\/uploads\/2023\/11\/019_philippeigner.com1_-2048x1366.jpg 2048w, https:\/\/vskultur.de\/wp-content\/uploads\/2023\/11\/019_philippeigner.com1_-scaled.jpg 2560w\" sizes=\"auto, (max-width: 1024px) 100vw, 1024px\" \/><\/figure>\n<\/figure>\n\n\n\n<p>Fotos sind alle von Phillip Eigner<\/p>\n\n\n\n<figure class=\"wp-block-gallery has-nested-images columns-default is-cropped wp-block-gallery-4 is-layout-flex wp-block-gallery-is-layout-flex\">\n<figure class=\"wp-block-image size-large\"><img loading=\"lazy\" decoding=\"async\" width=\"1024\" height=\"683\" data-id=\"2834\" src=\"https:\/\/vskultur.de\/wp-content\/uploads\/2023\/11\/115_philippeigner.com1_-1024x683.jpg\" alt=\"\" class=\"wp-image-2834\" srcset=\"https:\/\/vskultur.de\/wp-content\/uploads\/2023\/11\/115_philippeigner.com1_-1024x683.jpg 1024w, https:\/\/vskultur.de\/wp-content\/uploads\/2023\/11\/115_philippeigner.com1_-300x200.jpg 300w, https:\/\/vskultur.de\/wp-content\/uploads\/2023\/11\/115_philippeigner.com1_-768x512.jpg 768w, https:\/\/vskultur.de\/wp-content\/uploads\/2023\/11\/115_philippeigner.com1_-1536x1024.jpg 1536w, https:\/\/vskultur.de\/wp-content\/uploads\/2023\/11\/115_philippeigner.com1_-2048x1366.jpg 2048w, https:\/\/vskultur.de\/wp-content\/uploads\/2023\/11\/115_philippeigner.com1_-scaled.jpg 2560w\" sizes=\"auto, (max-width: 1024px) 100vw, 1024px\" \/><\/figure>\n<\/figure>\n\n\n\n<p><\/p>","protected":false},"excerpt":{"rendered":"<p>Am 01.10. war es trubelig im Creative Hub! Von 15 bis 20 Uhr floss bei unserem Event \u201eExplore! - Mach mit!\u201c die Kreativit\u00e4t, w\u00e4hrend die Themen Kunst, Kultur und soziale Entwicklung bei den Angeboten und Workshops im Vordergrund standen. Zig Projekte aus unserer Community sind zusammengekommen und haben die Vielfalt ihrer Angebote und die Kreativit\u00e4t [&hellip;]<\/p>","protected":false},"author":10,"featured_media":2828,"comment_status":"closed","ping_status":"closed","sticky":false,"template":"","format":"standard","meta":{"_acf_changed":false,"inline_featured_image":false,"footnotes":""},"categories":[41],"tags":[],"class_list":["post-2826","post","type-post","status-publish","format-standard","has-post-thumbnail","hentry","category-community-stories"],"acf":[],"_links":{"self":[{"href":"https:\/\/vskultur.de\/en\/wp-json\/wp\/v2\/posts\/2826","targetHints":{"allow":["GET"]}}],"collection":[{"href":"https:\/\/vskultur.de\/en\/wp-json\/wp\/v2\/posts"}],"about":[{"href":"https:\/\/vskultur.de\/en\/wp-json\/wp\/v2\/types\/post"}],"author":[{"embeddable":true,"href":"https:\/\/vskultur.de\/en\/wp-json\/wp\/v2\/users\/10"}],"replies":[{"embeddable":true,"href":"https:\/\/vskultur.de\/en\/wp-json\/wp\/v2\/comments?post=2826"}],"version-history":[{"count":0,"href":"https:\/\/vskultur.de\/en\/wp-json\/wp\/v2\/posts\/2826\/revisions"}],"wp:featuredmedia":[{"embeddable":true,"href":"https:\/\/vskultur.de\/en\/wp-json\/wp\/v2\/media\/2828"}],"wp:attachment":[{"href":"https:\/\/vskultur.de\/en\/wp-json\/wp\/v2\/media?parent=2826"}],"wp:term":[{"taxonomy":"category","embeddable":true,"href":"https:\/\/vskultur.de\/en\/wp-json\/wp\/v2\/categories?post=2826"},{"taxonomy":"post_tag","embeddable":true,"href":"https:\/\/vskultur.de\/en\/wp-json\/wp\/v2\/tags?post=2826"}],"curies":[{"name":"wp","href":"https:\/\/api.w.org\/{rel}","templated":true}]}}