{"id":2612,"date":"2023-05-22T14:51:52","date_gmt":"2023-05-22T12:51:52","guid":{"rendered":"https:\/\/vskultur.de\/?p=2612"},"modified":"2025-09-26T15:26:38","modified_gmt":"2025-09-26T13:26:38","slug":"es-wird-golden","status":"publish","type":"post","link":"https:\/\/vskultur.de\/en\/es-wird-golden\/","title":{"rendered":"It turns golden"},"content":{"rendered":"<h2 class=\"wp-block-heading\">mit Alisa von Orangenes Gold <\/h2>\n\n\n\n<p>Kennt ihr schon unser neues Community Mitglied \"Orangenes Gold\"? <\/p>\n\n\n\n<p>Na dann, seid gespannt auf ein kleines Mini-Interview: <\/p>\n\n\n\n<figure class=\"wp-block-gallery has-nested-images columns-default is-cropped wp-block-gallery-1 is-layout-flex wp-block-gallery-is-layout-flex\">\n<figure class=\"wp-block-image size-large\"><img loading=\"lazy\" decoding=\"async\" width=\"1024\" height=\"683\" data-id=\"2619\" src=\"https:\/\/vskultur.de\/wp-content\/uploads\/2023\/05\/Alisa_Bernhard-1-1024x683.jpg\" alt=\"\" class=\"wp-image-2619\" srcset=\"https:\/\/vskultur.de\/wp-content\/uploads\/2023\/05\/Alisa_Bernhard-1-1024x683.jpg 1024w, https:\/\/vskultur.de\/wp-content\/uploads\/2023\/05\/Alisa_Bernhard-1-300x200.jpg 300w, https:\/\/vskultur.de\/wp-content\/uploads\/2023\/05\/Alisa_Bernhard-1-768x512.jpg 768w, https:\/\/vskultur.de\/wp-content\/uploads\/2023\/05\/Alisa_Bernhard-1-rotated.jpg 1536w\" sizes=\"auto, (max-width: 1024px) 100vw, 1024px\" \/><\/figure>\n\n\n\n<figure class=\"wp-block-image size-large\"><img loading=\"lazy\" decoding=\"async\" width=\"1024\" height=\"768\" data-id=\"2617\" src=\"https:\/\/vskultur.de\/wp-content\/uploads\/2023\/05\/DSC09687-1024x768.jpeg\" alt=\"\" class=\"wp-image-2617\" srcset=\"https:\/\/vskultur.de\/wp-content\/uploads\/2023\/05\/DSC09687-1024x768.jpeg 1024w, https:\/\/vskultur.de\/wp-content\/uploads\/2023\/05\/DSC09687-300x225.jpeg 300w, https:\/\/vskultur.de\/wp-content\/uploads\/2023\/05\/DSC09687-768x576.jpeg 768w, https:\/\/vskultur.de\/wp-content\/uploads\/2023\/05\/DSC09687.jpeg 1280w\" sizes=\"auto, (max-width: 1024px) 100vw, 1024px\" \/><\/figure>\n<\/figure>\n\n\n\n<p><strong>Erz\u00e4hl mal, wer bist du?<\/strong><\/p>\n\n\n\n<p>Ich bin Alisa, 23 Jahre und Studentin an der HfK im 6. Semester. Mein Schwerpunkt liegt auf dem Produktdesign, ich habe aber von N\u00e4hen \u00fcber T\u00f6pfern bis Siebdruck auch viele andere Interessen und ich probiere gerne neue Dinge aus. Mir gibt der Austausch mit anderen Kreativen sehr viel und ich denke es ist wichtig, sich gegenseitig zu inspirieren. Ich bin ein offener und neugieriger Mensch und kann stundenlang in handwerklichen T\u00e4tigkeiten versinken.\u00a0<\/p>\n\n\n\n<p><strong>Wie sch\u00f6n! Und verr\u00e4tst du uns, was genau du machst?<\/strong><\/p>\n\n\n\n<p>Ich arbeite interdisziplin\u00e4r zwischen Produkten und Objekten, sowie Schmuck und\u00a0 Accessoires.\u00a0<\/p>\n\n\n\n<p>Mit Beginn des Studiums habe ich angefangen Ohrringe herzustellen und verkaufe diese mittlerweile in Bremen bei\u00a0<em>Lagom, Wanted Vintage\u00a0<\/em>and<em>\u00a0Katjas Villa<\/em>. In meinem Schmuck kreiere ich\u00a0neue Formen\u00a0und m\u00f6chte f\u00fcr meine Kund*innen ein au\u00dfergew\u00f6hnliches Lieblingsst\u00fcck erschaffen.<\/p>\n\n\n\n<p>Bis jetzt stelle ich haupts\u00e4chlich Ohrringe her, die aus einem St\u00fcck Draht geformt werden. Zuk\u00fcnftig m\u00f6chte ich meine Technik weiter ausarbeiten und auch neue und unterschiedliche Materialien ausprobieren.\u00a0Als n\u00e4chsten Step werde ich einen Online Shop erstellen und das ganze Projekt weiter ausbauen, sowie professionalisieren. Mein Traum ist es, eine selbstst\u00e4ndige Designerin zu werden, Erfahrungen in der Designbranche zu sammeln und international zu arbeiten.\u00a0<\/p>\n\n\n\n<figure class=\"wp-block-gallery has-nested-images columns-default is-cropped wp-block-gallery-2 is-layout-flex wp-block-gallery-is-layout-flex\">\n<figure class=\"wp-block-image size-large\"><img loading=\"lazy\" decoding=\"async\" width=\"1024\" height=\"682\" data-id=\"2615\" src=\"https:\/\/vskultur.de\/wp-content\/uploads\/2023\/05\/MG_0524-1-1024x682.jpeg\" alt=\"\" class=\"wp-image-2615\" srcset=\"https:\/\/vskultur.de\/wp-content\/uploads\/2023\/05\/MG_0524-1-1024x682.jpeg 1024w, https:\/\/vskultur.de\/wp-content\/uploads\/2023\/05\/MG_0524-1-300x200.jpeg 300w, https:\/\/vskultur.de\/wp-content\/uploads\/2023\/05\/MG_0524-1-768x512.jpeg 768w, https:\/\/vskultur.de\/wp-content\/uploads\/2023\/05\/MG_0524-1.jpeg 1280w\" sizes=\"auto, (max-width: 1024px) 100vw, 1024px\" \/><\/figure>\n\n\n\n<figure class=\"wp-block-image size-large\"><img loading=\"lazy\" decoding=\"async\" width=\"1024\" height=\"682\" data-id=\"2614\" src=\"https:\/\/vskultur.de\/wp-content\/uploads\/2023\/05\/MG_0028-1024x682.jpeg\" alt=\"\" class=\"wp-image-2614\" srcset=\"https:\/\/vskultur.de\/wp-content\/uploads\/2023\/05\/MG_0028-1024x682.jpeg 1024w, https:\/\/vskultur.de\/wp-content\/uploads\/2023\/05\/MG_0028-300x200.jpeg 300w, https:\/\/vskultur.de\/wp-content\/uploads\/2023\/05\/MG_0028-768x512.jpeg 768w, https:\/\/vskultur.de\/wp-content\/uploads\/2023\/05\/MG_0028.jpeg 1280w\" sizes=\"auto, (max-width: 1024px) 100vw, 1024px\" \/><\/figure>\n<\/figure>\n\n\n\n<p><strong>Alle guten Dinge sind 3. Also noch eine Frage: Was hast du f\u00fcr die Community parat? <\/strong><\/p>\n\n\n\n<p>Die Community kann ich hoffentlich mit meiner Offenheit und Kreativit\u00e4t bereichern. Ich freue mich auf einen Austausch und auch gerne \u00fcber die Entwicklung gemeinsamer Projekte.<\/p>\n\n\n\n<p>Klingt fantastisch, oder? Schaut doch mal vorbei: <a href=\"https:\/\/www.instagram.com\/orangenes_gold\/\">@orangenes_gold<\/a><\/p>\n\n\n\n<figure class=\"wp-block-gallery has-nested-images columns-default is-cropped wp-block-gallery-3 is-layout-flex wp-block-gallery-is-layout-flex\">\n<figure class=\"wp-block-image size-large\"><img loading=\"lazy\" decoding=\"async\" width=\"961\" height=\"960\" data-id=\"2616\" src=\"https:\/\/vskultur.de\/wp-content\/uploads\/2023\/05\/Unbenannt-32-Kopie-57-01-Zeichenflaeche-1-1.jpeg\" alt=\"\" class=\"wp-image-2616\" srcset=\"https:\/\/vskultur.de\/wp-content\/uploads\/2023\/05\/Unbenannt-32-Kopie-57-01-Zeichenflaeche-1-1.jpeg 961w, https:\/\/vskultur.de\/wp-content\/uploads\/2023\/05\/Unbenannt-32-Kopie-57-01-Zeichenflaeche-1-1-300x300.jpeg 300w, https:\/\/vskultur.de\/wp-content\/uploads\/2023\/05\/Unbenannt-32-Kopie-57-01-Zeichenflaeche-1-1-150x150.jpeg 150w, https:\/\/vskultur.de\/wp-content\/uploads\/2023\/05\/Unbenannt-32-Kopie-57-01-Zeichenflaeche-1-1-768x767.jpeg 768w\" sizes=\"auto, (max-width: 961px) 100vw, 961px\" \/><\/figure>\n<\/figure>","protected":false},"excerpt":{"rendered":"<p>mit Alisa von Orangenes Gold Kennt ihr schon unser neues Community Mitglied \"Orangenes Gold\"? Na dann, seid gespannt auf ein kleines Mini-Interview: Erz\u00e4hl mal, wer bist du? Ich bin Alisa, 23 Jahre und Studentin an der HfK im 6. Semester. Mein Schwerpunkt liegt auf dem Produktdesign, ich habe aber von N\u00e4hen \u00fcber T\u00f6pfern bis Siebdruck [&hellip;]<\/p>","protected":false},"author":4,"featured_media":2622,"comment_status":"closed","ping_status":"closed","sticky":false,"template":"","format":"standard","meta":{"_acf_changed":false,"inline_featured_image":false,"footnotes":""},"categories":[41],"tags":[],"class_list":["post-2612","post","type-post","status-publish","format-standard","has-post-thumbnail","hentry","category-community-stories"],"acf":[],"_links":{"self":[{"href":"https:\/\/vskultur.de\/en\/wp-json\/wp\/v2\/posts\/2612","targetHints":{"allow":["GET"]}}],"collection":[{"href":"https:\/\/vskultur.de\/en\/wp-json\/wp\/v2\/posts"}],"about":[{"href":"https:\/\/vskultur.de\/en\/wp-json\/wp\/v2\/types\/post"}],"author":[{"embeddable":true,"href":"https:\/\/vskultur.de\/en\/wp-json\/wp\/v2\/users\/4"}],"replies":[{"embeddable":true,"href":"https:\/\/vskultur.de\/en\/wp-json\/wp\/v2\/comments?post=2612"}],"version-history":[{"count":0,"href":"https:\/\/vskultur.de\/en\/wp-json\/wp\/v2\/posts\/2612\/revisions"}],"wp:featuredmedia":[{"embeddable":true,"href":"https:\/\/vskultur.de\/en\/wp-json\/wp\/v2\/media\/2622"}],"wp:attachment":[{"href":"https:\/\/vskultur.de\/en\/wp-json\/wp\/v2\/media?parent=2612"}],"wp:term":[{"taxonomy":"category","embeddable":true,"href":"https:\/\/vskultur.de\/en\/wp-json\/wp\/v2\/categories?post=2612"},{"taxonomy":"post_tag","embeddable":true,"href":"https:\/\/vskultur.de\/en\/wp-json\/wp\/v2\/tags?post=2612"}],"curies":[{"name":"wp","href":"https:\/\/api.w.org\/{rel}","templated":true}]}}