{"id":2228,"date":"2023-03-17T14:07:47","date_gmt":"2023-03-17T13:07:47","guid":{"rendered":"https:\/\/vskultur.de\/?p=2228"},"modified":"2025-09-26T15:26:33","modified_gmt":"2025-09-26T13:26:33","slug":"models-wanted","status":"publish","type":"post","link":"https:\/\/vskultur.de\/en\/models-wanted\/","title":{"rendered":"Models wanted!"},"content":{"rendered":"<h2 class=\"wp-block-heading\">Mode-Fotografie-Projekt<\/h2>\n\n\n\n<p class=\"wp-block-paragraph\">Monika Jessing hat an der HfK Bremen Modedesign studiert und ist seit vielen Jahren selbst\u00e4ndig in eigenem Atelier sowie als Designerin im Laden. Seit 2019 widmet sie sich intensiv der Fotografie mit Schwerpunkten auf Street, Natur, SW und abstrakter Fotografie. <\/p>\n\n\n\n<p class=\"wp-block-paragraph\">Ihr aktuelles Projekt: Modefotografien von (Modell-)Kleidern, die Monika vor einigen Jahren gefertigt hat. <\/p>\n\n\n\n<p class=\"wp-block-paragraph\">Und jetzt kommt die tolle Nachricht: DU KANNST DABEI SEIN!<\/p>\n\n\n\n<p class=\"wp-block-paragraph\">Denn Monika sucht weibliche Modelle, die Spa\u00df an der Verwandlung haben und selbstbewusst vor der Kamera agieren. Die bereits vorhandenen Kleider haben die Kleider-Gr\u00f6\u00dfe 36 und 40.<br>Als Belohnung gibt es nat\u00fcrlich ein Bild!\u00a0<\/p>\n\n\n\n<p class=\"wp-block-paragraph\">Bei Interesse und f\u00fcr weitere Informationen meldet euch gerne unter 0179\/4612041 (WhatsApp, Signal).\u00a0<\/p>\n\n\n\n<p class=\"wp-block-paragraph\">Monika freut sich auf eure Nachricht!\u00a0\u00a0<\/p>\n\n\n\n<figure class=\"wp-block-image size-large\"><img loading=\"lazy\" decoding=\"async\" width=\"1024\" height=\"512\" src=\"https:\/\/vskultur.de\/wp-content\/uploads\/2023\/03\/neue-raeume-Banner-Querformat-1024x512.png\" alt=\"\" class=\"wp-image-2229\" srcset=\"https:\/\/vskultur.de\/wp-content\/uploads\/2023\/03\/neue-raeume-Banner-Querformat-1024x512.png 1024w, https:\/\/vskultur.de\/wp-content\/uploads\/2023\/03\/neue-raeume-Banner-Querformat-300x150.png 300w, https:\/\/vskultur.de\/wp-content\/uploads\/2023\/03\/neue-raeume-Banner-Querformat-768x384.png 768w, https:\/\/vskultur.de\/wp-content\/uploads\/2023\/03\/neue-raeume-Banner-Querformat-1536x768.png 1536w, https:\/\/vskultur.de\/wp-content\/uploads\/2023\/03\/neue-raeume-Banner-Querformat-2048x1024.png 2048w, https:\/\/vskultur.de\/wp-content\/uploads\/2023\/03\/neue-raeume-Banner-Querformat.png 6912w\" sizes=\"auto, (max-width: 1024px) 100vw, 1024px\" \/><\/figure>","protected":false},"excerpt":{"rendered":"<p>Mode-Fotografie-Projekt Monika Jessing hat an der HfK Bremen Modedesign studiert und ist seit vielen Jahren selbst\u00e4ndig in eigenem Atelier sowie als Designerin im Laden. Seit 2019 widmet sie sich intensiv der Fotografie mit Schwerpunkten auf Street, Natur, SW und abstrakter Fotografie. Ihr aktuelles Projekt: Modefotografien von (Modell-)Kleidern, die Monika vor einigen Jahren gefertigt hat. Und [&hellip;]<\/p>\n","protected":false},"author":4,"featured_media":2234,"comment_status":"closed","ping_status":"closed","sticky":false,"template":"","format":"standard","meta":{"_acf_changed":false,"inline_featured_image":false,"footnotes":""},"categories":[1],"tags":[],"class_list":["post-2228","post","type-post","status-publish","format-standard","has-post-thumbnail","hentry","category-ankuendigungen"],"acf":[],"yoast_head":"<!-- This site is optimized with the Yoast SEO plugin v28.4 - https:\/\/yoast.com\/product\/yoast-seo-wordpress\/ -->\n<title>Models wanted! - Visionskultur<\/title>\n<meta name=\"robots\" content=\"index, follow, max-snippet:-1, max-image-preview:large, max-video-preview:-1\" \/>\n<link rel=\"canonical\" href=\"https:\/\/vskultur.de\/en\/models-wanted\/\" \/>\n<meta property=\"og:locale\" content=\"en_GB\" \/>\n<meta property=\"og:type\" content=\"article\" \/>\n<meta property=\"og:title\" content=\"Models wanted! - Visionskultur\" \/>\n<meta property=\"og:description\" content=\"Mode-Fotografie-Projekt Monika Jessing hat an der HfK Bremen Modedesign studiert und ist seit vielen Jahren selbst\u00e4ndig in eigenem Atelier sowie als Designerin im Laden. Seit 2019 widmet sie sich intensiv der Fotografie mit Schwerpunkten auf Street, Natur, SW und abstrakter Fotografie. Ihr aktuelles Projekt: Modefotografien von (Modell-)Kleidern, die Monika vor einigen Jahren gefertigt hat. Und [&hellip;]\" \/>\n<meta property=\"og:url\" content=\"https:\/\/vskultur.de\/en\/models-wanted\/\" \/>\n<meta property=\"og:site_name\" content=\"Visionskultur\" \/>\n<meta property=\"article:published_time\" content=\"2023-03-17T13:07:47+00:00\" \/>\n<meta property=\"article:modified_time\" content=\"2025-09-26T13:26:33+00:00\" \/>\n<meta property=\"og:image\" content=\"https:\/\/vskultur.de\/wp-content\/uploads\/2023\/03\/Modefotos.jpg\" \/>\n\t<meta property=\"og:image:width\" content=\"1180\" \/>\n\t<meta property=\"og:image:height\" content=\"1775\" \/>\n\t<meta property=\"og:image:type\" content=\"image\/jpeg\" \/>\n<meta name=\"author\" content=\"Media\" \/>\n<meta name=\"twitter:card\" content=\"summary_large_image\" \/>\n<meta name=\"twitter:label1\" content=\"Written by\" \/>\n\t<meta name=\"twitter:data1\" content=\"Media\" \/>\n\t<meta name=\"twitter:label2\" content=\"Estimated reading time\" \/>\n\t<meta name=\"twitter:data2\" content=\"1 minute\" \/>\n<script type=\"application\/ld+json\" class=\"yoast-schema-graph\">{\"@context\":\"https:\\\/\\\/schema.org\",\"@graph\":[{\"@type\":\"Article\",\"@id\":\"https:\\\/\\\/vskultur.de\\\/models-wanted\\\/#article\",\"isPartOf\":{\"@id\":\"https:\\\/\\\/vskultur.de\\\/models-wanted\\\/\"},\"author\":{\"name\":\"Media\",\"@id\":\"https:\\\/\\\/vskultur.de\\\/en\\\/#\\\/schema\\\/person\\\/a75dd6cce076176cac07426be8f62c21\"},\"headline\":\"Models wanted!\",\"datePublished\":\"2023-03-17T13:07:47+00:00\",\"dateModified\":\"2025-09-26T13:26:33+00:00\",\"mainEntityOfPage\":{\"@id\":\"https:\\\/\\\/vskultur.de\\\/models-wanted\\\/\"},\"wordCount\":120,\"publisher\":{\"@id\":\"https:\\\/\\\/vskultur.de\\\/en\\\/#organization\"},\"image\":{\"@id\":\"https:\\\/\\\/vskultur.de\\\/models-wanted\\\/#primaryimage\"},\"thumbnailUrl\":\"https:\\\/\\\/vskultur.de\\\/wp-content\\\/uploads\\\/2023\\\/03\\\/Modefotos.jpg\",\"articleSection\":[\"Ank\u00fcndigungen\"],\"inLanguage\":\"en-GB\"},{\"@type\":\"WebPage\",\"@id\":\"https:\\\/\\\/vskultur.de\\\/models-wanted\\\/\",\"url\":\"https:\\\/\\\/vskultur.de\\\/models-wanted\\\/\",\"name\":\"Models wanted! - Visionskultur\",\"isPartOf\":{\"@id\":\"https:\\\/\\\/vskultur.de\\\/en\\\/#website\"},\"primaryImageOfPage\":{\"@id\":\"https:\\\/\\\/vskultur.de\\\/models-wanted\\\/#primaryimage\"},\"image\":{\"@id\":\"https:\\\/\\\/vskultur.de\\\/models-wanted\\\/#primaryimage\"},\"thumbnailUrl\":\"https:\\\/\\\/vskultur.de\\\/wp-content\\\/uploads\\\/2023\\\/03\\\/Modefotos.jpg\",\"datePublished\":\"2023-03-17T13:07:47+00:00\",\"dateModified\":\"2025-09-26T13:26:33+00:00\",\"breadcrumb\":{\"@id\":\"https:\\\/\\\/vskultur.de\\\/models-wanted\\\/#breadcrumb\"},\"inLanguage\":\"en-GB\",\"potentialAction\":[{\"@type\":\"ReadAction\",\"target\":[\"https:\\\/\\\/vskultur.de\\\/models-wanted\\\/\"]}]},{\"@type\":\"ImageObject\",\"inLanguage\":\"en-GB\",\"@id\":\"https:\\\/\\\/vskultur.de\\\/models-wanted\\\/#primaryimage\",\"url\":\"https:\\\/\\\/vskultur.de\\\/wp-content\\\/uploads\\\/2023\\\/03\\\/Modefotos.jpg\",\"contentUrl\":\"https:\\\/\\\/vskultur.de\\\/wp-content\\\/uploads\\\/2023\\\/03\\\/Modefotos.jpg\",\"width\":1180,\"height\":1775},{\"@type\":\"BreadcrumbList\",\"@id\":\"https:\\\/\\\/vskultur.de\\\/models-wanted\\\/#breadcrumb\",\"itemListElement\":[{\"@type\":\"ListItem\",\"position\":1,\"name\":\"Start\",\"item\":\"https:\\\/\\\/vskultur.de\\\/\"},{\"@type\":\"ListItem\",\"position\":2,\"name\":\"Models wanted!\"}]},{\"@type\":\"WebSite\",\"@id\":\"https:\\\/\\\/vskultur.de\\\/en\\\/#website\",\"url\":\"https:\\\/\\\/vskultur.de\\\/en\\\/\",\"name\":\"Visionskultur\",\"description\":\"Ideenf\u00f6rderung und Standortentwicklung Bremen\",\"publisher\":{\"@id\":\"https:\\\/\\\/vskultur.de\\\/en\\\/#organization\"},\"alternateName\":\"Creative Hub Bremen\",\"potentialAction\":[{\"@type\":\"SearchAction\",\"target\":{\"@type\":\"EntryPoint\",\"urlTemplate\":\"https:\\\/\\\/vskultur.de\\\/en\\\/?s={search_term_string}\"},\"query-input\":{\"@type\":\"PropertyValueSpecification\",\"valueRequired\":true,\"valueName\":\"search_term_string\"}}],\"inLanguage\":\"en-GB\"},{\"@type\":\"Organization\",\"@id\":\"https:\\\/\\\/vskultur.de\\\/en\\\/#organization\",\"name\":\"Visionskultur\",\"url\":\"https:\\\/\\\/vskultur.de\\\/en\\\/\",\"logo\":{\"@type\":\"ImageObject\",\"inLanguage\":\"en-GB\",\"@id\":\"https:\\\/\\\/vskultur.de\\\/en\\\/#\\\/schema\\\/logo\\\/image\\\/\",\"url\":\"https:\\\/\\\/vskultur.de\\\/wp-content\\\/uploads\\\/2026\\\/07\\\/Logo_Visionskultur.jpg\",\"contentUrl\":\"https:\\\/\\\/vskultur.de\\\/wp-content\\\/uploads\\\/2026\\\/07\\\/Logo_Visionskultur.jpg\",\"width\":477,\"height\":476,\"caption\":\"Visionskultur\"},\"image\":{\"@id\":\"https:\\\/\\\/vskultur.de\\\/en\\\/#\\\/schema\\\/logo\\\/image\\\/\"}},{\"@type\":\"Person\",\"@id\":\"https:\\\/\\\/vskultur.de\\\/en\\\/#\\\/schema\\\/person\\\/a75dd6cce076176cac07426be8f62c21\",\"name\":\"Media\",\"image\":{\"@type\":\"ImageObject\",\"inLanguage\":\"en-GB\",\"@id\":\"https:\\\/\\\/secure.gravatar.com\\\/avatar\\\/189c9411134d524ade3d8ff33352e95f2f0bf5704912bb10ae4126180a0135b2?s=96&d=mm&r=g\",\"url\":\"https:\\\/\\\/secure.gravatar.com\\\/avatar\\\/189c9411134d524ade3d8ff33352e95f2f0bf5704912bb10ae4126180a0135b2?s=96&d=mm&r=g\",\"contentUrl\":\"https:\\\/\\\/secure.gravatar.com\\\/avatar\\\/189c9411134d524ade3d8ff33352e95f2f0bf5704912bb10ae4126180a0135b2?s=96&d=mm&r=g\",\"caption\":\"Media\"},\"url\":\"https:\\\/\\\/vskultur.de\\\/en\\\/author\\\/media\\\/\"}]}<\/script>\n<!-- \/ Yoast SEO plugin. -->","yoast_head_json":{"title":"Models wanted! - Visionskultur","robots":{"index":"index","follow":"follow","max-snippet":"max-snippet:-1","max-image-preview":"max-image-preview:large","max-video-preview":"max-video-preview:-1"},"canonical":"https:\/\/vskultur.de\/en\/models-wanted\/","og_locale":"en_GB","og_type":"article","og_title":"Models wanted! - Visionskultur","og_description":"Mode-Fotografie-Projekt Monika Jessing hat an der HfK Bremen Modedesign studiert und ist seit vielen Jahren selbst\u00e4ndig in eigenem Atelier sowie als Designerin im Laden. Seit 2019 widmet sie sich intensiv der Fotografie mit Schwerpunkten auf Street, Natur, SW und abstrakter Fotografie. Ihr aktuelles Projekt: Modefotografien von (Modell-)Kleidern, die Monika vor einigen Jahren gefertigt hat. Und [&hellip;]","og_url":"https:\/\/vskultur.de\/en\/models-wanted\/","og_site_name":"Visionskultur","article_published_time":"2023-03-17T13:07:47+00:00","article_modified_time":"2025-09-26T13:26:33+00:00","og_image":[{"width":1180,"height":1775,"url":"https:\/\/vskultur.de\/wp-content\/uploads\/2023\/03\/Modefotos.jpg","type":"image\/jpeg"}],"author":"Media","twitter_card":"summary_large_image","twitter_misc":{"Written by":"Media","Estimated reading time":"1 minute"},"schema":{"@context":"https:\/\/schema.org","@graph":[{"@type":"Article","@id":"https:\/\/vskultur.de\/models-wanted\/#article","isPartOf":{"@id":"https:\/\/vskultur.de\/models-wanted\/"},"author":{"name":"Media","@id":"https:\/\/vskultur.de\/en\/#\/schema\/person\/a75dd6cce076176cac07426be8f62c21"},"headline":"Models wanted!","datePublished":"2023-03-17T13:07:47+00:00","dateModified":"2025-09-26T13:26:33+00:00","mainEntityOfPage":{"@id":"https:\/\/vskultur.de\/models-wanted\/"},"wordCount":120,"publisher":{"@id":"https:\/\/vskultur.de\/en\/#organization"},"image":{"@id":"https:\/\/vskultur.de\/models-wanted\/#primaryimage"},"thumbnailUrl":"https:\/\/vskultur.de\/wp-content\/uploads\/2023\/03\/Modefotos.jpg","articleSection":["Ank\u00fcndigungen"],"inLanguage":"en-GB"},{"@type":"WebPage","@id":"https:\/\/vskultur.de\/models-wanted\/","url":"https:\/\/vskultur.de\/models-wanted\/","name":"Models wanted! - Visionskultur","isPartOf":{"@id":"https:\/\/vskultur.de\/en\/#website"},"primaryImageOfPage":{"@id":"https:\/\/vskultur.de\/models-wanted\/#primaryimage"},"image":{"@id":"https:\/\/vskultur.de\/models-wanted\/#primaryimage"},"thumbnailUrl":"https:\/\/vskultur.de\/wp-content\/uploads\/2023\/03\/Modefotos.jpg","datePublished":"2023-03-17T13:07:47+00:00","dateModified":"2025-09-26T13:26:33+00:00","breadcrumb":{"@id":"https:\/\/vskultur.de\/models-wanted\/#breadcrumb"},"inLanguage":"en-GB","potentialAction":[{"@type":"ReadAction","target":["https:\/\/vskultur.de\/models-wanted\/"]}]},{"@type":"ImageObject","inLanguage":"en-GB","@id":"https:\/\/vskultur.de\/models-wanted\/#primaryimage","url":"https:\/\/vskultur.de\/wp-content\/uploads\/2023\/03\/Modefotos.jpg","contentUrl":"https:\/\/vskultur.de\/wp-content\/uploads\/2023\/03\/Modefotos.jpg","width":1180,"height":1775},{"@type":"BreadcrumbList","@id":"https:\/\/vskultur.de\/models-wanted\/#breadcrumb","itemListElement":[{"@type":"ListItem","position":1,"name":"Start","item":"https:\/\/vskultur.de\/"},{"@type":"ListItem","position":2,"name":"Models wanted!"}]},{"@type":"WebSite","@id":"https:\/\/vskultur.de\/en\/#website","url":"https:\/\/vskultur.de\/en\/","name":"Vision culture","description":"Ideenf\u00f6rderung und Standortentwicklung Bremen","publisher":{"@id":"https:\/\/vskultur.de\/en\/#organization"},"alternateName":"Creative Hub Bremen","potentialAction":[{"@type":"SearchAction","target":{"@type":"EntryPoint","urlTemplate":"https:\/\/vskultur.de\/en\/?s={search_term_string}"},"query-input":{"@type":"PropertyValueSpecification","valueRequired":true,"valueName":"search_term_string"}}],"inLanguage":"en-GB"},{"@type":"Organization","@id":"https:\/\/vskultur.de\/en\/#organization","name":"Vision culture","url":"https:\/\/vskultur.de\/en\/","logo":{"@type":"ImageObject","inLanguage":"en-GB","@id":"https:\/\/vskultur.de\/en\/#\/schema\/logo\/image\/","url":"https:\/\/vskultur.de\/wp-content\/uploads\/2026\/07\/Logo_Visionskultur.jpg","contentUrl":"https:\/\/vskultur.de\/wp-content\/uploads\/2026\/07\/Logo_Visionskultur.jpg","width":477,"height":476,"caption":"Visionskultur"},"image":{"@id":"https:\/\/vskultur.de\/en\/#\/schema\/logo\/image\/"}},{"@type":"Person","@id":"https:\/\/vskultur.de\/en\/#\/schema\/person\/a75dd6cce076176cac07426be8f62c21","name":"Media","image":{"@type":"ImageObject","inLanguage":"en-GB","@id":"https:\/\/secure.gravatar.com\/avatar\/189c9411134d524ade3d8ff33352e95f2f0bf5704912bb10ae4126180a0135b2?s=96&d=mm&r=g","url":"https:\/\/secure.gravatar.com\/avatar\/189c9411134d524ade3d8ff33352e95f2f0bf5704912bb10ae4126180a0135b2?s=96&d=mm&r=g","contentUrl":"https:\/\/secure.gravatar.com\/avatar\/189c9411134d524ade3d8ff33352e95f2f0bf5704912bb10ae4126180a0135b2?s=96&d=mm&r=g","caption":"Media"},"url":"https:\/\/vskultur.de\/en\/author\/media\/"}]}},"_links":{"self":[{"href":"https:\/\/vskultur.de\/en\/wp-json\/wp\/v2\/posts\/2228","targetHints":{"allow":["GET"]}}],"collection":[{"href":"https:\/\/vskultur.de\/en\/wp-json\/wp\/v2\/posts"}],"about":[{"href":"https:\/\/vskultur.de\/en\/wp-json\/wp\/v2\/types\/post"}],"author":[{"embeddable":true,"href":"https:\/\/vskultur.de\/en\/wp-json\/wp\/v2\/users\/4"}],"replies":[{"embeddable":true,"href":"https:\/\/vskultur.de\/en\/wp-json\/wp\/v2\/comments?post=2228"}],"version-history":[{"count":4,"href":"https:\/\/vskultur.de\/en\/wp-json\/wp\/v2\/posts\/2228\/revisions"}],"predecessor-version":[{"id":4282,"href":"https:\/\/vskultur.de\/en\/wp-json\/wp\/v2\/posts\/2228\/revisions\/4282"}],"wp:featuredmedia":[{"embeddable":true,"href":"https:\/\/vskultur.de\/en\/wp-json\/wp\/v2\/media\/2234"}],"wp:attachment":[{"href":"https:\/\/vskultur.de\/en\/wp-json\/wp\/v2\/media?parent=2228"}],"wp:term":[{"taxonomy":"category","embeddable":true,"href":"https:\/\/vskultur.de\/en\/wp-json\/wp\/v2\/categories?post=2228"},{"taxonomy":"post_tag","embeddable":true,"href":"https:\/\/vskultur.de\/en\/wp-json\/wp\/v2\/tags?post=2228"}],"curies":[{"name":"wp","href":"https:\/\/api.w.org\/{rel}","templated":true}]}}