{"id":1531,"date":"2022-12-06T23:15:37","date_gmt":"2022-12-06T22:15:37","guid":{"rendered":"https:\/\/vskultur.de\/?p=1531"},"modified":"2025-09-26T15:26:24","modified_gmt":"2025-09-26T13:26:24","slug":"shampoo-shampoo-startet-durch","status":"publish","type":"post","link":"https:\/\/vskultur.de\/en\/shampoo-shampoo-startet-durch\/","title":{"rendered":"Shampoo Shampoo takes off"},"content":{"rendered":"<h2 class=\"wp-block-heading\">ein Filmprojekt der Compagnons <\/h2>\n\n\n\n<p><br>\"Insgesamt haben ca. 100 Akteur*innen mit und ohne was auch immer vor und hinter der Kamera mitgewirkt. In 39 Drehtagen haben wir an unterschiedlichsten Drehorten gedreht und die inklusive Arbeit vor und hinter der Kamera als Chance genutzt um uns barrierefrei zu begegnen. Das war die Voraussetzung daf\u00fcr, dass wir einen Film schaffen konnten, der sehr wild, \u00fcberraschend mit viel Spektakel versehen daherkommt.\" (J\u00fcrgen J. K\u00f6ster, Regisseur & Elizabeth Dinh, Produktionskoordination)<\/p>\n\n\n\n<p>Und dass dies ein voller Erfolg war zeigt nicht nur das Ergebnis eines gro\u00dfartigen Films, sondern auch das positive Feedback von Besucher*innen und Presse! (Schaut euch zum Beispiel <a href=\"https:\/\/www.sat1regional.de\/shampoo-shampoo-inklusives-filmprojekt-aus-bremen-kommt-ins-kino\/\">den sch\u00f6nen Beitrag von Sat.1 an<\/a>)  <br>\u00a0<\/p>\n\n\n\n<h3 class=\"wp-block-heading\">Worum es geht? <\/h3>\n\n\n\n<p>\"Als der Berliner und nasenst\u00f6pseltragende Ferdinand Sch\u00e4fer, sowie sein Assistent Bruno Maas vom Shampookonzern \u00abPONT 1843\u00bb Bremen erreichen, wird schnell klar, dass Toleranz und Empathie ein NO GO f\u00fcr diese Herren sind. Knallhart versuchen sie und die schicke Regionalassistentin Vera den inklusiven Gesundheitsladen, \u00abSalon Ramona\u00bb samt Heilp\u00e4dagogin und Biochemikerin Lou Hendrix und ihren Assistenten Godo platt zu machen. Der Fernsehjournalist Gerd Lau ist v\u00f6llig neben der Spur, weil er nicht verstehen kann, das diese Idioten aus Berlin, ihn erstens eingeseift haben und zweitens Lou \u0301sindividuelles Bioshampoo als eine Gefahr f\u00fcr ihren Konzern betrachten. Auch der auf sein Heilmittel, \u00abDIE FARBEN von PARIS\u00bb fixierte Dr. Heinz, wundert sich, dass Lou\u2019s Shampoo und ihr Salon Ramona eine Gefahr f\u00fcr die Menschheit sein sollen\u2026 Immerhin helfen Sie dort Menschen mit schweren Krisenerfahrungen durch Gespr\u00e4che und mit dem individuellen Bioshampoo zu helfen. Und selbst der mediens\u00fcchtige B\u00fcrgermeister Dr. Ohmken h\u00f6chstpers\u00f6nlich l\u00e4sst sich den Schorf seiner Frau auf seiner Kopfhaut von Lou\u2019s Basisshampoo entfernen.\"<\/p>\n\n\n\n<p><\/p>\n\n\n\n<h3 class=\"wp-block-heading\">Vorf\u00fchrungen und Spielorte<\/h3>\n\n\n\n<p>Nach den Auff\u00fchrungen im Babylon Kino in Berlin, folgten Dezember Termine im Kino City 46 Bremen. Im Fr\u00fchjahr geht es dann nach Niedersachen sowie NRW...und wer wei\u00df, wohin es die Shampoo-Shampoo Truppe dann verschl\u00e4gt! <br><\/p>\n\n\n\n<h3 class=\"wp-block-heading\">M\u00f6glichmacher*innen <\/h3>\n\n\n\n<p>Regie und Projektkoordination: J\u00fcrgen J. K\u00f6ster, Produktionskoordination: Elizabeth Dinh,\u00a0<br>mit Brenda Ruiz Silva, Oliver Kurschat<\/p>\n\n\n\n<p>Cast and Crew <a href=\"https:\/\/shampoo-shampoo.com\/cast\/\">here! <\/a><\/p>\n\n\n\n<p><br>Die Initiative zur sozialen Rehabilitation e.V. und die Aktion Mensch e.V. haben diesen Film gef\u00f6rdert. Realisiert durch compagnons cooperative inklusiver film.<\/p>\n\n\n\n<figure class=\"wp-block-image size-large\"><img loading=\"lazy\" decoding=\"async\" width=\"1024\" height=\"1024\" src=\"https:\/\/vskultur.de\/wp-content\/uploads\/2022\/12\/20221125_005526-1-1024x1024.jpg\" alt=\"\" class=\"wp-image-1534\" srcset=\"https:\/\/vskultur.de\/wp-content\/uploads\/2022\/12\/20221125_005526-1-1024x1024.jpg 1024w, https:\/\/vskultur.de\/wp-content\/uploads\/2022\/12\/20221125_005526-1-300x300.jpg 300w, https:\/\/vskultur.de\/wp-content\/uploads\/2022\/12\/20221125_005526-1-150x150.jpg 150w, https:\/\/vskultur.de\/wp-content\/uploads\/2022\/12\/20221125_005526-1-768x768.jpg 768w, https:\/\/vskultur.de\/wp-content\/uploads\/2022\/12\/20221125_005526-1-1536x1536.jpg 1536w, https:\/\/vskultur.de\/wp-content\/uploads\/2022\/12\/20221125_005526-1-2048x2048.jpg 2048w, https:\/\/vskultur.de\/wp-content\/uploads\/2022\/12\/20221125_005526-1-scaled.jpg 2560w\" sizes=\"auto, (max-width: 1024px) 100vw, 1024px\" \/><\/figure>","protected":false},"excerpt":{"rendered":"<p>ein Filmprojekt der Compagnons \"Insgesamt haben ca. 100 Akteur*innen mit und ohne was auch immer vor und hinter der Kamera mitgewirkt. In 39 Drehtagen haben wir an unterschiedlichsten Drehorten gedreht und die inklusive Arbeit vor und hinter der Kamera als Chance genutzt um uns barrierefrei zu begegnen. Das war die Voraussetzung daf\u00fcr, dass wir einen [&hellip;]<\/p>","protected":false},"author":4,"featured_media":1532,"comment_status":"closed","ping_status":"closed","sticky":false,"template":"","format":"standard","meta":{"_acf_changed":false,"inline_featured_image":false,"footnotes":""},"categories":[41],"tags":[],"class_list":["post-1531","post","type-post","status-publish","format-standard","has-post-thumbnail","hentry","category-community-stories"],"acf":[],"_links":{"self":[{"href":"https:\/\/vskultur.de\/en\/wp-json\/wp\/v2\/posts\/1531","targetHints":{"allow":["GET"]}}],"collection":[{"href":"https:\/\/vskultur.de\/en\/wp-json\/wp\/v2\/posts"}],"about":[{"href":"https:\/\/vskultur.de\/en\/wp-json\/wp\/v2\/types\/post"}],"author":[{"embeddable":true,"href":"https:\/\/vskultur.de\/en\/wp-json\/wp\/v2\/users\/4"}],"replies":[{"embeddable":true,"href":"https:\/\/vskultur.de\/en\/wp-json\/wp\/v2\/comments?post=1531"}],"version-history":[{"count":0,"href":"https:\/\/vskultur.de\/en\/wp-json\/wp\/v2\/posts\/1531\/revisions"}],"wp:featuredmedia":[{"embeddable":true,"href":"https:\/\/vskultur.de\/en\/wp-json\/wp\/v2\/media\/1532"}],"wp:attachment":[{"href":"https:\/\/vskultur.de\/en\/wp-json\/wp\/v2\/media?parent=1531"}],"wp:term":[{"taxonomy":"category","embeddable":true,"href":"https:\/\/vskultur.de\/en\/wp-json\/wp\/v2\/categories?post=1531"},{"taxonomy":"post_tag","embeddable":true,"href":"https:\/\/vskultur.de\/en\/wp-json\/wp\/v2\/tags?post=1531"}],"curies":[{"name":"wp","href":"https:\/\/api.w.org\/{rel}","templated":true}]}}